{"id":1350,"date":"2024-09-23T16:03:21","date_gmt":"2024-09-23T16:03:21","guid":{"rendered":"https:\/\/www.elregional.cl\/?p=1350"},"modified":"2024-09-23T16:03:21","modified_gmt":"2024-09-23T16:03:21","slug":"claudio-bravo-podria-retornar-al-barcelona","status":"publish","type":"post","link":"https:\/\/www.elregional.cl\/?p=1350","title":{"rendered":"Claudio Bravo podr\u00eda retornar al Barcelona."},"content":{"rendered":"<p class=\"c-paragraph\"><b>Claudio Bravo podr\u00eda volver al Barcelona<\/b>. Luego de casi un mes de haber\u00a0<a href=\"https:\/\/www.encancha.cl\/seleccion\/la-roja\/2024\/08\/27\/adios-capitan-claudio-bravo-anuncio-su-retiro-del-futbol\/\" target=\"_blank\" rel=\"noopener\"><b>anunciado su retiro del f\u00fatbol profesional<\/b><\/a>, el hist\u00f3rico portero de la Selecci\u00f3n Chilena asegur\u00f3 que est\u00e1 listo y dispuesto para desempolvar los botines en caso de una llamada del cuadro Cul\u00e9 tras la lesi\u00f3n de Ter Stegen.<\/p>\n<p class=\"c-paragraph\">\u201c<b>Si el Barcelona me llama, estar\u00e9 preparado<\/b>\u201d, indic\u00f3 el canterano de Colo Colo en conversaci\u00f3n con el medio Win Win. La frase fue replicada r\u00e1pidamente por el periodista Fabrizio Romano a trav\u00e9s de X (anteriormente Twitter), generando una ola de reacciones a trav\u00e9s de redes sociales.<\/p>\n","protected":false},"excerpt":{"rendered":"<p>Claudio Bravo podr\u00eda volver al Barcelona. Luego de casi un mes de haber\u00a0anunciado su retiro del f\u00fatbol profesional, el hist\u00f3rico portero de la Selecci\u00f3n Chilena asegur\u00f3 que est\u00e1 listo y dispuesto para desempolvar los botines en caso de una llamada del cuadro Cul\u00e9 tras la lesi\u00f3n de Ter Stegen. \u201cSi el Barcelona me llama, estar\u00e9 &hellip;<\/p>\n","protected":false},"author":2,"featured_media":0,"comment_status":"closed","ping_status":"closed","sticky":false,"template":"","format":"standard","meta":{"footnotes":""},"categories":[5],"tags":[],"class_list":["post-1350","post","type-post","status-publish","format-standard","hentry","category-deportes"],"_links":{"self":[{"href":"https:\/\/www.elregional.cl\/index.php?rest_route=\/wp\/v2\/posts\/1350","targetHints":{"allow":["GET"]}}],"collection":[{"href":"https:\/\/www.elregional.cl\/index.php?rest_route=\/wp\/v2\/posts"}],"about":[{"href":"https:\/\/www.elregional.cl\/index.php?rest_route=\/wp\/v2\/types\/post"}],"author":[{"embeddable":true,"href":"https:\/\/www.elregional.cl\/index.php?rest_route=\/wp\/v2\/users\/2"}],"replies":[{"embeddable":true,"href":"https:\/\/www.elregional.cl\/index.php?rest_route=%2Fwp%2Fv2%2Fcomments&post=1350"}],"version-history":[{"count":1,"href":"https:\/\/www.elregional.cl\/index.php?rest_route=\/wp\/v2\/posts\/1350\/revisions"}],"predecessor-version":[{"id":1352,"href":"https:\/\/www.elregional.cl\/index.php?rest_route=\/wp\/v2\/posts\/1350\/revisions\/1352"}],"wp:attachment":[{"href":"https:\/\/www.elregional.cl\/index.php?rest_route=%2Fwp%2Fv2%2Fmedia&parent=1350"}],"wp:term":[{"taxonomy":"category","embeddable":true,"href":"https:\/\/www.elregional.cl\/index.php?rest_route=%2Fwp%2Fv2%2Fcategories&post=1350"},{"taxonomy":"post_tag","embeddable":true,"href":"https:\/\/www.elregional.cl\/index.php?rest_route=%2Fwp%2Fv2%2Ftags&post=1350"}],"curies":[{"name":"wp","href":"https:\/\/api.w.org\/{rel}","templated":true}]}}