{"id":13503,"date":"2026-04-28T07:07:44","date_gmt":"2026-04-28T07:07:44","guid":{"rendered":"https:\/\/www.elregional.cl\/?p=13503"},"modified":"2026-04-28T07:07:58","modified_gmt":"2026-04-28T07:07:58","slug":"tres-fallecidos-deja-incendio-en-quellon","status":"publish","type":"post","link":"https:\/\/www.elregional.cl\/?p=13503","title":{"rendered":"Tres fallecidos deja incendio en Quell\u00f3n"},"content":{"rendered":"<div id=\"contenedor-scroll-mobile\">\n<div id=\"scroll_mobile\" data-google-query-id=\"CO3tmfX8j5QDFc9L3QId07chJA\">\n<div id=\"google_ads_iframe_\/1098385\/biobiocl\/ad_sticky_0__container__\"><\/div>\n<\/div>\n<\/div>\n<article id=\"post-6808500\" class=\"post post-with-video \" data-id=\"6808500\" data-url=\"https:\/\/www.biobiochile.cl\/noticias\/nacional\/region-de-los-lagos\/2026\/04\/27\/dos-muertos-y-un-herido-deja-incendio-que-consumio-2-casas-en-quellon.shtml\" data-title=\"Hallan tres cuerpos calcinados tras incendio que destruy\u00f3 2 casas en Quell\u00f3n: hay un herido\" data-category=\"nacional\" data-secondary=\"region-de-los-lagos\">\n<div class=\"post-content banners-contenido-nota-6808500\">\n<p><span class=\"destacador destacado\">Al menos tres personas muertas y otra con heridas dej\u00f3 un incendio que arras\u00f3 con 2 casas la noche de este lunes en la comuna de Quell\u00f3n<\/span>, en la\u00a0<a href=\"https:\/\/www.biobiochile.cl\/lista\/categorias\/region-de-los-lagos\" target=\"_blank\" rel=\"noopener\">regi\u00f3n de Los Lagos<\/a>.<\/p>\n<div><\/div>\n<p>Seg\u00fan informaci\u00f3n de\u00a0<strong>Radio B\u00edo B\u00edo<\/strong>, el siniestro tuvo lugar en la calle Ignacio Carrera Pinto.<\/p>\n<p>Por razones que deber\u00e1n ser investigadas, el\u00a0<strong>fuego consumi\u00f3 por completo dichos inmuebles<\/strong>, adem\u00e1s de causar\u00a0<strong>da\u00f1os menores en una iglesia evang\u00e9lica<\/strong>.<\/p>\n<p>Distintas unidades del Cuerpo de Bomberos de Quell\u00f3n concurrieron para combatir las llamas, cuya labor se ha extendido por alrededor de 40 minutos.<\/p>\n<p>No obstante, la instituci\u00f3n confirm\u00f3 que -tras la indagatoria preliminar-\u00a0<span class=\"destacador destacado\">fueron hallados calcinados al menos tres cuerpos en el lugar de la emergencia<\/span>.<\/p>\n<p>En tanto, se inform\u00f3 que\u00a0<strong>una persona fue trasladada con lesiones leves hasta el Hospital de Quell\u00f3n<\/strong>.<\/p>\n<p>Cabe indicar que se mantiene el despliegue por parte de los equipos de voluntarios con el objetivo de extinguir en su totalidad este siniestro y evitar la propagaci\u00f3n de las llamas.<\/p>\n<p>Hasta el cierre de esta nota, se inform\u00f3 que la Fiscal\u00eda tom\u00f3 conocimiento del lamentable suceso, instruyendo las diligencias y peritajes correspondientes a Labocar, SIP de Carabineros y Servicio M\u00e9dico Legal (SML).<\/p>\n<\/div>\n<\/article>\n<p>&nbsp;<\/p>\n","protected":false},"excerpt":{"rendered":"<p>Al menos tres personas muertas y otra con heridas dej\u00f3 un incendio que arras\u00f3 con 2 casas la noche de este lunes en la comuna de Quell\u00f3n, en la\u00a0regi\u00f3n de Los Lagos. Seg\u00fan informaci\u00f3n de\u00a0Radio B\u00edo B\u00edo, el siniestro tuvo lugar en la calle Ignacio Carrera Pinto. Por razones que deber\u00e1n ser investigadas, el\u00a0fuego consumi\u00f3 &hellip;<\/p>\n","protected":false},"author":2,"featured_media":13504,"comment_status":"closed","ping_status":"closed","sticky":false,"template":"","format":"standard","meta":{"footnotes":""},"categories":[3],"tags":[],"class_list":["post-13503","post","type-post","status-publish","format-standard","has-post-thumbnail","hentry","category-pais"],"_links":{"self":[{"href":"https:\/\/www.elregional.cl\/index.php?rest_route=\/wp\/v2\/posts\/13503","targetHints":{"allow":["GET"]}}],"collection":[{"href":"https:\/\/www.elregional.cl\/index.php?rest_route=\/wp\/v2\/posts"}],"about":[{"href":"https:\/\/www.elregional.cl\/index.php?rest_route=\/wp\/v2\/types\/post"}],"author":[{"embeddable":true,"href":"https:\/\/www.elregional.cl\/index.php?rest_route=\/wp\/v2\/users\/2"}],"replies":[{"embeddable":true,"href":"https:\/\/www.elregional.cl\/index.php?rest_route=%2Fwp%2Fv2%2Fcomments&post=13503"}],"version-history":[{"count":2,"href":"https:\/\/www.elregional.cl\/index.php?rest_route=\/wp\/v2\/posts\/13503\/revisions"}],"predecessor-version":[{"id":13506,"href":"https:\/\/www.elregional.cl\/index.php?rest_route=\/wp\/v2\/posts\/13503\/revisions\/13506"}],"wp:featuredmedia":[{"embeddable":true,"href":"https:\/\/www.elregional.cl\/index.php?rest_route=\/wp\/v2\/media\/13504"}],"wp:attachment":[{"href":"https:\/\/www.elregional.cl\/index.php?rest_route=%2Fwp%2Fv2%2Fmedia&parent=13503"}],"wp:term":[{"taxonomy":"category","embeddable":true,"href":"https:\/\/www.elregional.cl\/index.php?rest_route=%2Fwp%2Fv2%2Fcategories&post=13503"},{"taxonomy":"post_tag","embeddable":true,"href":"https:\/\/www.elregional.cl\/index.php?rest_route=%2Fwp%2Fv2%2Ftags&post=13503"}],"curies":[{"name":"wp","href":"https:\/\/api.w.org\/{rel}","templated":true}]}}