{"id":13509,"date":"2026-04-28T07:11:26","date_gmt":"2026-04-28T07:11:26","guid":{"rendered":"https:\/\/www.elregional.cl\/?p=13509"},"modified":"2026-04-28T07:11:26","modified_gmt":"2026-04-28T07:11:26","slug":"grave-accidente-en-ovalle-poste-de-alumbrado-publico-cae-sobre-adulta-mayor","status":"publish","type":"post","link":"https:\/\/www.elregional.cl\/?p=13509","title":{"rendered":"Grave accidente en Ovalle: Poste de alumbrado p\u00fablico cae sobre adulta mayor"},"content":{"rendered":"<div class=\"et_pb_module et_pb_post_title et_pb_post_title_0_tb_body et_pb_bg_layout_light  et_pb_text_align_left\">\n<div class=\"et_pb_title_container\">\n<h1 class=\"entry-title\"><\/h1>\n<\/div>\n<\/div>\n<div class=\"et_pb_module et_pb_text et_pb_text_1_tb_body  et_pb_text_align_left et_pb_bg_layout_light\">\n<div class=\"et_pb_text_inner\">Por Andr\u00e9s Sandoval Z<\/div>\n<div><\/div>\n<div class=\"et_pb_text_inner\">El hecho ocurri\u00f3 durante la tarde del domingo en un sector concurrido de la poblaci\u00f3n. Vecinos acusan problemas previos en la estructura y falta de mantenci\u00f3n en el lugar. La afectada se mantiene estable y en observaci\u00f3n.<\/div>\n<\/div>\n<p>&nbsp;<\/p>\n<div class=\"et_pb_module et_pb_post_content et_pb_post_content_0_tb_body\">\n<div class=\"noticia-contenido contenido pt-4 text-lg md:text-lg text-noticia-index-contenido font-noticia-index-contenido \">\n<p>Una adulta mayor de 91 a\u00f1os result\u00f3 lesionada la tarde de este domingo, luego de que un poste de alumbrado p\u00fablico cayera sobre ella en la plaza de la poblaci\u00f3n Villal\u00f3n, en la comuna de Ovalle.<\/p>\n<p>De acuerdo a antecedentes recabados por este medio, el hecho se registr\u00f3 entre las 16:30 y 17:00 horas, cuando la estructura tipo farol se desplom\u00f3 mientras la mujer se encontraba en el lugar junto a familiares, en un contexto de paseo.<\/p>\n<p>Tras el accidente, la afectada fue trasladada hasta el Hospital Provincial de Ovalle, donde permanece estable y en observaci\u00f3n. Seg\u00fan informaci\u00f3n proporcionada por la familia, la mujer sufri\u00f3 una fractura en la espalda producto del impacto.<\/p>\n<h3 id=\"problemas-previos-en-la-estructura\"><b>Problemas previos en la estructura<\/b><\/h3>\n<p>Desde la comunidad, tanto vecinos del sector como la dirigencia local coinciden en que el poste presentaba inconvenientes desde antes del accidente.<\/p>\n<p><em>\u201cEste farol hac\u00eda tiempo estaba suelto. Pero hace como un mes se hab\u00eda reparado\u201d<\/em>, se\u00f1al\u00f3 Mariela Pi\u00f1ones, presidenta de la junta de vecinos de la poblaci\u00f3n Villal\u00f3n.<\/p>\n<p>En la misma l\u00ednea, vecinos indicaron que ya se hab\u00edan advertido problemas en la estructura, lo que habr\u00eda motivado intervenciones previas que, seg\u00fan acusan, no lograron resolver de forma definitiva la situaci\u00f3n.<\/p>\n<h3 id=\"cuestionamientos-por-mantencion\"><b>Cuestionamientos por mantenci\u00f3n<\/b><\/h3>\n<p>El hecho tambi\u00e9n reactiv\u00f3 cuestionamientos respecto al estado general de la plaza, espacio que es utilizado diariamente por vecinos, especialmente ni\u00f1os y adultos mayores.<\/p>\n<p><em>\u201cFalta mantenci\u00f3n en las plazas. Los pisos est\u00e1n en mal estado y ya se han registrado otras ca\u00eddas de vecinos\u201d<\/em>, advirti\u00f3 Pi\u00f1ones.<\/p>\n<p>Desde la comunidad se\u00f1alan que no se tratar\u00eda de un caso aislado, sino de una situaci\u00f3n m\u00e1s amplia vinculada a la mantenci\u00f3n de los espacios p\u00fablicos del sector.<\/p>\n<p>Asimismo, sostienen que este tipo de situaciones podr\u00eda prevenirse mediante revisiones peri\u00f3dicas y mejoras en la infraestructura existente, considerando adem\u00e1s la alta concurrencia que presenta el lugar.<\/p>\n<\/div>\n<\/div>\n","protected":false},"excerpt":{"rendered":"<p>Por Andr\u00e9s Sandoval Z El hecho ocurri\u00f3 durante la tarde del domingo en un sector concurrido de la poblaci\u00f3n. Vecinos acusan problemas previos en la estructura y falta de mantenci\u00f3n en el lugar. La afectada se mantiene estable y en observaci\u00f3n. &nbsp; Una adulta mayor de 91 a\u00f1os result\u00f3 lesionada la tarde de este domingo, &hellip;<\/p>\n","protected":false},"author":2,"featured_media":13510,"comment_status":"closed","ping_status":"closed","sticky":false,"template":"","format":"standard","meta":{"footnotes":""},"categories":[2],"tags":[],"class_list":["post-13509","post","type-post","status-publish","format-standard","has-post-thumbnail","hentry","category-regionales"],"_links":{"self":[{"href":"https:\/\/www.elregional.cl\/index.php?rest_route=\/wp\/v2\/posts\/13509","targetHints":{"allow":["GET"]}}],"collection":[{"href":"https:\/\/www.elregional.cl\/index.php?rest_route=\/wp\/v2\/posts"}],"about":[{"href":"https:\/\/www.elregional.cl\/index.php?rest_route=\/wp\/v2\/types\/post"}],"author":[{"embeddable":true,"href":"https:\/\/www.elregional.cl\/index.php?rest_route=\/wp\/v2\/users\/2"}],"replies":[{"embeddable":true,"href":"https:\/\/www.elregional.cl\/index.php?rest_route=%2Fwp%2Fv2%2Fcomments&post=13509"}],"version-history":[{"count":1,"href":"https:\/\/www.elregional.cl\/index.php?rest_route=\/wp\/v2\/posts\/13509\/revisions"}],"predecessor-version":[{"id":13511,"href":"https:\/\/www.elregional.cl\/index.php?rest_route=\/wp\/v2\/posts\/13509\/revisions\/13511"}],"wp:featuredmedia":[{"embeddable":true,"href":"https:\/\/www.elregional.cl\/index.php?rest_route=\/wp\/v2\/media\/13510"}],"wp:attachment":[{"href":"https:\/\/www.elregional.cl\/index.php?rest_route=%2Fwp%2Fv2%2Fmedia&parent=13509"}],"wp:term":[{"taxonomy":"category","embeddable":true,"href":"https:\/\/www.elregional.cl\/index.php?rest_route=%2Fwp%2Fv2%2Fcategories&post=13509"},{"taxonomy":"post_tag","embeddable":true,"href":"https:\/\/www.elregional.cl\/index.php?rest_route=%2Fwp%2Fv2%2Ftags&post=13509"}],"curies":[{"name":"wp","href":"https:\/\/api.w.org\/{rel}","templated":true}]}}