{"id":13514,"date":"2026-04-28T07:14:40","date_gmt":"2026-04-28T07:14:40","guid":{"rendered":"https:\/\/www.elregional.cl\/?p=13514"},"modified":"2026-04-28T07:14:40","modified_gmt":"2026-04-28T07:14:40","slug":"petroleros-ligados-a-iran-son-obligados-a-suspender-navegacion-por-bloqueo-de-estados-unidos","status":"publish","type":"post","link":"https:\/\/www.elregional.cl\/?p=13514","title":{"rendered":"Petroleros ligados a Ir\u00e1n son obligados a suspender navegaci\u00f3n por bloqueo de Estados Unidos"},"content":{"rendered":"<header class=\"entry-header\"><\/header>\n<div class=\"entry-content clearfix\">\n<p><a href=\"https:\/\/www.linkedin.com\/company\/portalportuario-cl\/\" target=\"_blank\" rel=\"noopener\"><strong>@PortalPortuario<\/strong><\/a><\/p>\n<hr \/>\n<p data-path-to-node=\"2\">Seis <strong>buques tanque<\/strong>\u00a0cargados con\u00a0<strong>petr\u00f3leo iran\u00ed<\/strong>\u00a0han sido obligados a regresar a\u00a0<strong>Ir\u00e1n<\/strong>\u00a0por el\u00a0<strong>bloqueo<\/strong>\u00a0<strong>estadounidense<\/strong>\u00a0en los \u00faltimos d\u00edas, seg\u00fan muestran los datos de seguimiento de nav\u00edos, lo que subraya el impacto que la\u00a0<strong>guerra en Ir\u00e1n<\/strong>\u00a0est\u00e1 teniendo en el tr\u00e1fico a trav\u00e9s del\u00a0<strong>estrecho de Ormuz<\/strong>, una de las principales rutas de exportaci\u00f3n de petr\u00f3leo a nivel mundial.<\/p>\n<p data-path-to-node=\"3\">Entre 125 y 140 nav\u00edos cruzaban habitualmente el estrecho a diario antes de que comenzara el conflicto de\u00a0<strong>Estados<\/strong>\u00a0<strong>Unidos<\/strong>\u00a0e\u00a0<strong>Israel<\/strong>\u00a0contra\u00a0<strong>Ir\u00e1n<\/strong>\u00a0el 28 de febrero. Sin embargo, solo siete lo han hecho en la \u00faltima jornada, seg\u00fan datos de seguimiento de\u00a0<strong>Kpler<\/strong>\u00a0y an\u00e1lisis satelital de\u00a0<strong>SynMax<\/strong>. Ninguno transportaba hidrocarburos con destino al mercado global.<\/p>\n<p data-path-to-node=\"1\">Estos incluyeron al granelero\u00a0<b data-path-to-node=\"1\" data-index-in-node=\"49\">Bavand<\/b>, de bandera iran\u00ed, que parti\u00f3 de un puerto de ese pa\u00eds, adem\u00e1s de otras naves que salieron de puertos iraqu\u00edes, seg\u00fan mostraron los datos.<\/p>\n<p data-path-to-node=\"2\">Ir\u00e1n ha impuesto restricciones a la navegaci\u00f3n que utiliza el estrecho, y Estados Unidos anunci\u00f3 el 13 de abril que bloquear\u00eda el transporte mar\u00edtimo relacionado con Ir\u00e1n. Las fuerzas estadounidenses han obligado a retroceder a 37 nav\u00edo desde entonces, seg\u00fan inform\u00f3 el ej\u00e9rcito el 25 de abril.<\/p>\n<p data-path-to-node=\"3\">El estrecho normalmente maneja el 20% del suministro diario mundial de petr\u00f3leo y gas natural licuado (GNL). La actividad a trav\u00e9s de \u00e9l se ha mantenido reducida mientras las conversaciones entre Ir\u00e1n y Estados Unidos permanecen estancadas a casi dos meses del inicio de la guerra.<\/p>\n<p data-path-to-node=\"4\">El ej\u00e9rcito de Estados Unidos no ha proporcionado un desglose completo del tipo de barcos que ha desviado ni la ubicaci\u00f3n precisa de las interceptaciones.<\/p>\n<\/div>\n","protected":false},"excerpt":{"rendered":"<p>@PortalPortuario Seis buques tanque\u00a0cargados con\u00a0petr\u00f3leo iran\u00ed\u00a0han sido obligados a regresar a\u00a0Ir\u00e1n\u00a0por el\u00a0bloqueo\u00a0estadounidense\u00a0en los \u00faltimos d\u00edas, seg\u00fan muestran los datos de seguimiento de nav\u00edos, lo que subraya el impacto que la\u00a0guerra en Ir\u00e1n\u00a0est\u00e1 teniendo en el tr\u00e1fico a trav\u00e9s del\u00a0estrecho de Ormuz, una de las principales rutas de exportaci\u00f3n de petr\u00f3leo a nivel mundial. Entre 125 &hellip;<\/p>\n","protected":false},"author":2,"featured_media":13515,"comment_status":"closed","ping_status":"closed","sticky":false,"template":"","format":"standard","meta":{"footnotes":""},"categories":[4],"tags":[],"class_list":["post-13514","post","type-post","status-publish","format-standard","has-post-thumbnail","hentry","category-mundo"],"_links":{"self":[{"href":"https:\/\/www.elregional.cl\/index.php?rest_route=\/wp\/v2\/posts\/13514","targetHints":{"allow":["GET"]}}],"collection":[{"href":"https:\/\/www.elregional.cl\/index.php?rest_route=\/wp\/v2\/posts"}],"about":[{"href":"https:\/\/www.elregional.cl\/index.php?rest_route=\/wp\/v2\/types\/post"}],"author":[{"embeddable":true,"href":"https:\/\/www.elregional.cl\/index.php?rest_route=\/wp\/v2\/users\/2"}],"replies":[{"embeddable":true,"href":"https:\/\/www.elregional.cl\/index.php?rest_route=%2Fwp%2Fv2%2Fcomments&post=13514"}],"version-history":[{"count":1,"href":"https:\/\/www.elregional.cl\/index.php?rest_route=\/wp\/v2\/posts\/13514\/revisions"}],"predecessor-version":[{"id":13516,"href":"https:\/\/www.elregional.cl\/index.php?rest_route=\/wp\/v2\/posts\/13514\/revisions\/13516"}],"wp:featuredmedia":[{"embeddable":true,"href":"https:\/\/www.elregional.cl\/index.php?rest_route=\/wp\/v2\/media\/13515"}],"wp:attachment":[{"href":"https:\/\/www.elregional.cl\/index.php?rest_route=%2Fwp%2Fv2%2Fmedia&parent=13514"}],"wp:term":[{"taxonomy":"category","embeddable":true,"href":"https:\/\/www.elregional.cl\/index.php?rest_route=%2Fwp%2Fv2%2Fcategories&post=13514"},{"taxonomy":"post_tag","embeddable":true,"href":"https:\/\/www.elregional.cl\/index.php?rest_route=%2Fwp%2Fv2%2Ftags&post=13514"}],"curies":[{"name":"wp","href":"https:\/\/api.w.org\/{rel}","templated":true}]}}