{"id":13519,"date":"2026-04-28T07:22:58","date_gmt":"2026-04-28T07:22:58","guid":{"rendered":"https:\/\/www.elregional.cl\/?p=13519"},"modified":"2026-04-28T07:22:58","modified_gmt":"2026-04-28T07:22:58","slug":"escandalo-en-inglaterra-encuentran-a-jack-grealish-dormido-en-un-bar-de-manchester","status":"publish","type":"post","link":"https:\/\/www.elregional.cl\/?p=13519","title":{"rendered":"Esc\u00e1ndalo en Inglaterra: Encuentran a Jack Grealish dormido en un bar de Manchester"},"content":{"rendered":"<header class=\"js-link-static | main-header\">\n<div class=\"main-header__wrapper main-header-wrapper | desktop:padding-block-20 mobile:padding-block-16\">\n<div class=\"main-header-wrapper__container | u-container\"><\/div>\n<\/div>\n<\/header>\n<div class=\"js-content-static\">\n<div class=\"js_main_content\"><main class=\"js-link-static js-content-static-scroll | main | mobile:margin-block-20 desktop:margin-block-24 is-current\"><\/p>\n<div class=\"main__container | u-container\">\n<article class=\"main-article | mobile:margin-block-end-20 desktop:margin-block-end-104\">\n<div class=\"main-article__body main-layout\">\n<section class=\"main-article__content main-layout__item\">\n<div class=\"main-article__text main-article-text | js-content-post | all:margin-block-start-20 all:margin-block-end-24\">\n<p data-start=\"103\" data-end=\"361\">El futbolista ingl\u00e9s\u00a0<strong data-start=\"124\" data-end=\"165\"><span class=\"hover:entity-accent entity-underline inline cursor-pointer align-baseline\"><span class=\"whitespace-normal\">Jack Grealish<\/span><\/span><\/strong>\u00a0volvi\u00f3 a quedar en el centro de la pol\u00e9mica luego de que medios brit\u00e1nicos difundieran im\u00e1genes donde aparece profundamente dormido en un bar de Manchester tras una jornada de bebidas con amigos.<\/p>\n<p data-start=\"363\" data-end=\"767\">Seg\u00fan reportes publicados este fin de semana, el actual jugador del\u00a0<strong data-start=\"431\" data-end=\"472\"><span class=\"hover:entity-accent entity-underline inline cursor-pointer align-baseline\"><span class=\"whitespace-normal\">Everton FC<\/span><\/span><\/strong>, cedido desde\u00a0<strong data-start=\"487\" data-end=\"528\"><span class=\"hover:entity-accent entity-underline inline cursor-pointer align-baseline\"><span class=\"whitespace-normal\">Manchester City<\/span><\/span><\/strong>, fue visto en un rooftop bar de la ciudad durante la tarde del s\u00e1bado.<\/p>\n<p data-start=\"363\" data-end=\"767\"><img loading=\"lazy\" decoding=\"async\" class=\"alignnone size-medium wp-image-13520\" src=\"https:\/\/www.elregional.cl\/wp-content\/uploads\/2026\/04\/Twitter-Jack-Grealish-1024x683-1-300x200.jpg\" alt=\"\" width=\"300\" height=\"200\" srcset=\"https:\/\/www.elregional.cl\/wp-content\/uploads\/2026\/04\/Twitter-Jack-Grealish-1024x683-1-300x200.jpg 300w, https:\/\/www.elregional.cl\/wp-content\/uploads\/2026\/04\/Twitter-Jack-Grealish-1024x683-1-768x512.jpg 768w, https:\/\/www.elregional.cl\/wp-content\/uploads\/2026\/04\/Twitter-Jack-Grealish-1024x683-1.jpg 1024w\" sizes=\"auto, (max-width: 300px) 100vw, 300px\" \/><\/p>\n<p data-start=\"363\" data-end=\"767\">Testigos se\u00f1alaron que lleg\u00f3 cerca de las 16:30 horas y poco despu\u00e9s termin\u00f3 dormido sobre una mesa, rodeado de vasos y botellas.<\/p>\n<p data-start=\"769\" data-end=\"1048\">Las im\u00e1genes r\u00e1pidamente se viralizaron en redes sociales y reabrieron el debate sobre la conducta extradeportiva del mediocampista, quien ya hab\u00eda protagonizado<strong>\u00a0episodios similares en el pasado relacionados con fiestas y consumo de alcohol.<\/strong><\/p>\n<p data-start=\"1050\" data-end=\"1390\">El momento no pasa inadvertido, ya que Grealish atraviesa una etapa delicada en lo deportivo. El jugador se encuentra<strong>\u00a0fuera de competencia tras una cirug\u00eda en el pie,<\/strong>\u00a0lesi\u00f3n que lo dejar\u00eda sin opciones de disputar el cierre de temporada e incluso comprometer\u00eda una eventual convocatoria con Inglaterra.<\/p>\n<p data-start=\"1392\" data-end=\"1528\">Hasta ahora, ni el entorno del jugador ni\u00a0<strong data-start=\"1434\" data-end=\"1475\"><span class=\"hover:entity-accent entity-underline inline cursor-pointer align-baseline\"><span class=\"whitespace-normal\">Everton FC<\/span><\/span><\/strong>\u00a0han emitido comentarios oficiales sobre lo ocurrido.<\/p>\n<\/div>\n<\/section>\n<\/div>\n<\/article>\n<\/div>\n<p><\/main><\/div>\n<\/div>\n","protected":false},"excerpt":{"rendered":"<p>El futbolista ingl\u00e9s\u00a0Jack Grealish\u00a0volvi\u00f3 a quedar en el centro de la pol\u00e9mica luego de que medios brit\u00e1nicos difundieran im\u00e1genes donde aparece profundamente dormido en un bar de Manchester tras una jornada de bebidas con amigos. Seg\u00fan reportes publicados este fin de semana, el actual jugador del\u00a0Everton FC, cedido desde\u00a0Manchester City, fue visto en un rooftop &hellip;<\/p>\n","protected":false},"author":2,"featured_media":13521,"comment_status":"closed","ping_status":"closed","sticky":false,"template":"","format":"standard","meta":{"footnotes":""},"categories":[5],"tags":[],"class_list":["post-13519","post","type-post","status-publish","format-standard","has-post-thumbnail","hentry","category-deportes"],"_links":{"self":[{"href":"https:\/\/www.elregional.cl\/index.php?rest_route=\/wp\/v2\/posts\/13519","targetHints":{"allow":["GET"]}}],"collection":[{"href":"https:\/\/www.elregional.cl\/index.php?rest_route=\/wp\/v2\/posts"}],"about":[{"href":"https:\/\/www.elregional.cl\/index.php?rest_route=\/wp\/v2\/types\/post"}],"author":[{"embeddable":true,"href":"https:\/\/www.elregional.cl\/index.php?rest_route=\/wp\/v2\/users\/2"}],"replies":[{"embeddable":true,"href":"https:\/\/www.elregional.cl\/index.php?rest_route=%2Fwp%2Fv2%2Fcomments&post=13519"}],"version-history":[{"count":1,"href":"https:\/\/www.elregional.cl\/index.php?rest_route=\/wp\/v2\/posts\/13519\/revisions"}],"predecessor-version":[{"id":13522,"href":"https:\/\/www.elregional.cl\/index.php?rest_route=\/wp\/v2\/posts\/13519\/revisions\/13522"}],"wp:featuredmedia":[{"embeddable":true,"href":"https:\/\/www.elregional.cl\/index.php?rest_route=\/wp\/v2\/media\/13521"}],"wp:attachment":[{"href":"https:\/\/www.elregional.cl\/index.php?rest_route=%2Fwp%2Fv2%2Fmedia&parent=13519"}],"wp:term":[{"taxonomy":"category","embeddable":true,"href":"https:\/\/www.elregional.cl\/index.php?rest_route=%2Fwp%2Fv2%2Fcategories&post=13519"},{"taxonomy":"post_tag","embeddable":true,"href":"https:\/\/www.elregional.cl\/index.php?rest_route=%2Fwp%2Fv2%2Ftags&post=13519"}],"curies":[{"name":"wp","href":"https:\/\/api.w.org\/{rel}","templated":true}]}}