{"id":13530,"date":"2026-04-29T19:59:52","date_gmt":"2026-04-29T19:59:52","guid":{"rendered":"https:\/\/www.elregional.cl\/?p=13530"},"modified":"2026-04-29T19:59:52","modified_gmt":"2026-04-29T19:59:52","slug":"al-menos-nueve-muertos-y-22-heridos-en-accidente-de-bus-chileno-en-carretera-de-bolivia","status":"publish","type":"post","link":"https:\/\/www.elregional.cl\/?p=13530","title":{"rendered":"Al menos nueve muertos y 22 heridos en accidente de bus chileno en carretera de Bolivia"},"content":{"rendered":"<div id=\"div_comp\">\n<header id=\"header-fixed-top\" class=\"header mm-fixed-top\">\n<div id=\"div_emol\">\n<div id=\"menu_iphone_left\"><\/div>\n<\/div>\n<\/header>\n<\/div>\n<div class=\"div_comp5\">\n<div class=\"cont_panoramas_mob\">\n<div id=\"div_detalle_iphone\">\n<div class=\"cont_detalle_emol_movil \">\n<div class=\"div_h2\">\n<h5 id=\"ucDetalle_BajadaNoticia\">Testigos declararon que el conductor de la m\u00e1quina de \u00abPuma Tours\u00bb estaba \u00abapurado\u00bb por llegar a Oruro.<\/h5>\n<\/div>\n<div class=\"contenedor-columnas\" data-vista=\"relato\">\n<div class=\"box-central\">\n<div class=\"mrcdr_cont_relato\"><\/div>\n<\/div>\n<\/div>\n<div id=\"ucDetalle_CuerpoNoticia\" class=\"cuerpo_noticia cuerpo_noti_height_full\">\n<div>Este mi\u00e9rcoles la Polic\u00eda Boliviana inform\u00f3 que\u00a0<b>al menos nueve personas fallecieron y otras 22 resultaron heridas\u00a0<\/b>en un accidente de tr\u00e1nsito en una carretera en Bolivia luego de que el\u00a0<b>bus de una empresa chilena<\/b>\u00a0sufriera un vuelco tras salir de la ruta Oruro-Pisiga.<\/div>\n<div><\/div>\n<div>El director de la unidad policial de Tr\u00e1nsito del departamento de Oruro, Fernando Torrico, se\u00f1al\u00f3 que \u00abpor causas que a\u00fan se investigan, el conductor perdi\u00f3 el control del motorizado (&#8230;) Se presume principalmente\u00a0<b>exceso de velocidad y posiblemente fatiga del conductor\u00bb.<\/b><\/div>\n<div><\/div>\n<div>\n<div id=\"contRelacionada_1198582\">\n<div class=\"flo_left cont_items_detalle_50\">\n<div class=\"flo_left bor_cont_img_mas_vistas cont_sec_emol sec_mas_vistas_emol cont_noti_rel_single\">\n<div class=\"flo_left cont_descrip_noticia\">\n<article class=\"flo_left cont_nota_relacionada\">\n<div class=\"cont_contador_comentarios flo_left cont_icon_social f_comentario\" data-id=\"1198582\"><\/div>\n<\/article>\n<\/div>\n<\/div>\n<\/div>\n<\/div>\n<\/div>\n<div>Agreg\u00f3 que el veh\u00edculo de la empresa chilena\u00a0<b>\u00abPuma Tours\u00bb<\/b>\u00a0marca Mercedes Benz y con patente chilena, se sali\u00f3 de la v\u00eda y tuvo un \u00abvuelco lateral\u00bb.<\/div>\n<div><\/div>\n<div>Testigos aseguraron que el accidente se produjo cerca de las 04:15 de la madrugada en el altiplano boliviano, en el sector del Puente Espa\u00f1ol, cerca de la ciudad de Oruro, a m\u00e1s de 3.700 metros de altitud.<\/div>\n<div><\/div>\n<div>El accidente ocasion\u00f3 la muerte de\u00a0<b>siete adultos y dos menores de edad,<\/b>\u00a0sin que se precisaran sus nacionalidades. En tanto, los\u00a0<b>22 heridos<\/b>\u00a0fueron trasladados a los hospitales cercanos de Oruro como la Cl\u00ednica Santiago, el Hospital San Juan de Dios, el Hospital General de Oruro y el Centro de Salud de Toledo.<\/div>\n<div><\/div>\n<div>Seg\u00fan precisaron medios locales,\u00a0<b>el conductor era un joven de 24 a\u00f1os<\/b>\u00a0que fue sometido a una prueba de alcoholemia, la cual tuvo resultado\u00a0<b>negativo<\/b>. Se encuentra hospitalizado con lesiones graves, ya que presenta un diagn\u00f3stico de traumatismo enc\u00e9falo craneano moderado.<\/div>\n<div><\/div>\n<div>Uno de los pasajeros que result\u00f3 ileso declar\u00f3 que el autob\u00fas parti\u00f3 de Chile la tarde del martes y que\u00a0<b>el conductor presuntamente \u00abestaba apurado\u00bb<\/b>\u00a0por llegar a Oruro tras cruzar la frontera.<\/div>\n<div><\/div>\n<div>De acuerdo a datos oficiales, los accidentes en las carreteras bolivianas causan cada a\u00f1o alrededor de 1.400 decesos y unos 40.000 heridos, y se deben en su mayor\u00eda a fallas humanas que pueden prevenirse.<\/div>\n<\/div>\n<\/div>\n<\/div>\n<\/div>\n<\/div>\n","protected":false},"excerpt":{"rendered":"<p>Testigos declararon que el conductor de la m\u00e1quina de \u00abPuma Tours\u00bb estaba \u00abapurado\u00bb por llegar a Oruro. Este mi\u00e9rcoles la Polic\u00eda Boliviana inform\u00f3 que\u00a0al menos nueve personas fallecieron y otras 22 resultaron heridas\u00a0en un accidente de tr\u00e1nsito en una carretera en Bolivia luego de que el\u00a0bus de una empresa chilena\u00a0sufriera un vuelco tras salir de &hellip;<\/p>\n","protected":false},"author":2,"featured_media":13531,"comment_status":"closed","ping_status":"closed","sticky":false,"template":"","format":"standard","meta":{"footnotes":""},"categories":[3],"tags":[],"class_list":["post-13530","post","type-post","status-publish","format-standard","has-post-thumbnail","hentry","category-pais"],"_links":{"self":[{"href":"https:\/\/www.elregional.cl\/index.php?rest_route=\/wp\/v2\/posts\/13530","targetHints":{"allow":["GET"]}}],"collection":[{"href":"https:\/\/www.elregional.cl\/index.php?rest_route=\/wp\/v2\/posts"}],"about":[{"href":"https:\/\/www.elregional.cl\/index.php?rest_route=\/wp\/v2\/types\/post"}],"author":[{"embeddable":true,"href":"https:\/\/www.elregional.cl\/index.php?rest_route=\/wp\/v2\/users\/2"}],"replies":[{"embeddable":true,"href":"https:\/\/www.elregional.cl\/index.php?rest_route=%2Fwp%2Fv2%2Fcomments&post=13530"}],"version-history":[{"count":1,"href":"https:\/\/www.elregional.cl\/index.php?rest_route=\/wp\/v2\/posts\/13530\/revisions"}],"predecessor-version":[{"id":13532,"href":"https:\/\/www.elregional.cl\/index.php?rest_route=\/wp\/v2\/posts\/13530\/revisions\/13532"}],"wp:featuredmedia":[{"embeddable":true,"href":"https:\/\/www.elregional.cl\/index.php?rest_route=\/wp\/v2\/media\/13531"}],"wp:attachment":[{"href":"https:\/\/www.elregional.cl\/index.php?rest_route=%2Fwp%2Fv2%2Fmedia&parent=13530"}],"wp:term":[{"taxonomy":"category","embeddable":true,"href":"https:\/\/www.elregional.cl\/index.php?rest_route=%2Fwp%2Fv2%2Fcategories&post=13530"},{"taxonomy":"post_tag","embeddable":true,"href":"https:\/\/www.elregional.cl\/index.php?rest_route=%2Fwp%2Fv2%2Ftags&post=13530"}],"curies":[{"name":"wp","href":"https:\/\/api.w.org\/{rel}","templated":true}]}}