{"id":14642,"date":"2026-07-21T08:00:43","date_gmt":"2026-07-21T08:00:43","guid":{"rendered":"https:\/\/www.elregional.cl\/?p=14642"},"modified":"2026-07-21T08:00:43","modified_gmt":"2026-07-21T08:00:43","slug":"la-fach-evacuo-a-siete-personas-que-se-encontraban-aisladas-en-la-region-de-coquimbo","status":"publish","type":"post","link":"https:\/\/www.elregional.cl\/?p=14642","title":{"rendered":"La FACH evacu\u00f3 a siete personas que se encontraban aisladas en la regi\u00f3n de Coquimbo"},"content":{"rendered":"<p>La Fuerza A\u00e9rea de Chile (FACh) realiz\u00f3 con \u00e9xito la evacuaci\u00f3n de 7 personas aisladas en la Regi\u00f3n de Coquimbo.<\/p>\n<p>Desplegando su contingente de \u00e9lite y la capacidad de sus medios a\u00e9reos los uniformados se dirigieron en las \u00faltimas horas a los sectores rurales de Lambert e Higueritas.<\/p>\n<p>En esta oportunidad la Aeronave utilizada fue el Helic\u00f3ptero MH-60M Black Hawk, operativo que tuvo como resultado: 7 personas rescatadas y trasladadas a una zona segura tras quedar aisladas por las condiciones clim\u00e1ticas o de conectividad en la regi\u00f3n. Bravo Fach \ud83c\udde8\ud83c\uddf1<\/p>\n","protected":false},"excerpt":{"rendered":"<p>La Fuerza A\u00e9rea de Chile (FACh) realiz\u00f3 con \u00e9xito la evacuaci\u00f3n de 7 personas aisladas en la Regi\u00f3n de Coquimbo. Desplegando su contingente de \u00e9lite y la capacidad de sus medios a\u00e9reos los uniformados se dirigieron en las \u00faltimas horas a los sectores rurales de Lambert e Higueritas. En esta oportunidad la Aeronave utilizada fue &hellip;<\/p>\n","protected":false},"author":2,"featured_media":14643,"comment_status":"closed","ping_status":"closed","sticky":false,"template":"","format":"standard","meta":{"footnotes":""},"categories":[2],"tags":[],"class_list":["post-14642","post","type-post","status-publish","format-standard","has-post-thumbnail","hentry","category-regionales"],"_links":{"self":[{"href":"https:\/\/www.elregional.cl\/index.php?rest_route=\/wp\/v2\/posts\/14642","targetHints":{"allow":["GET"]}}],"collection":[{"href":"https:\/\/www.elregional.cl\/index.php?rest_route=\/wp\/v2\/posts"}],"about":[{"href":"https:\/\/www.elregional.cl\/index.php?rest_route=\/wp\/v2\/types\/post"}],"author":[{"embeddable":true,"href":"https:\/\/www.elregional.cl\/index.php?rest_route=\/wp\/v2\/users\/2"}],"replies":[{"embeddable":true,"href":"https:\/\/www.elregional.cl\/index.php?rest_route=%2Fwp%2Fv2%2Fcomments&post=14642"}],"version-history":[{"count":1,"href":"https:\/\/www.elregional.cl\/index.php?rest_route=\/wp\/v2\/posts\/14642\/revisions"}],"predecessor-version":[{"id":14644,"href":"https:\/\/www.elregional.cl\/index.php?rest_route=\/wp\/v2\/posts\/14642\/revisions\/14644"}],"wp:featuredmedia":[{"embeddable":true,"href":"https:\/\/www.elregional.cl\/index.php?rest_route=\/wp\/v2\/media\/14643"}],"wp:attachment":[{"href":"https:\/\/www.elregional.cl\/index.php?rest_route=%2Fwp%2Fv2%2Fmedia&parent=14642"}],"wp:term":[{"taxonomy":"category","embeddable":true,"href":"https:\/\/www.elregional.cl\/index.php?rest_route=%2Fwp%2Fv2%2Fcategories&post=14642"},{"taxonomy":"post_tag","embeddable":true,"href":"https:\/\/www.elregional.cl\/index.php?rest_route=%2Fwp%2Fv2%2Ftags&post=14642"}],"curies":[{"name":"wp","href":"https:\/\/api.w.org\/{rel}","templated":true}]}}