{"id":14665,"date":"2026-07-21T08:19:16","date_gmt":"2026-07-21T08:19:16","guid":{"rendered":"https:\/\/www.elregional.cl\/?p=14665"},"modified":"2026-07-21T08:19:16","modified_gmt":"2026-07-21T08:19:16","slug":"municipio-de-mejillones-presentara-denuncia-ante-sernapesca-por-hallazgo-de-ballena-jorobada-enmallada-en-hornitos","status":"publish","type":"post","link":"https:\/\/www.elregional.cl\/?p=14665","title":{"rendered":"Municipio de Mejillones presentar\u00e1 denuncia ante Sernapesca por\u00a0 hallazgo de ballena jorobada enmallada en Hornitos"},"content":{"rendered":"<p>Asimismo, los antecedentes ser\u00e1n puestos a disposici\u00f3n de la Capitan\u00eda de Puerto, organismo competente para realizar las diligencias que correspondan.<\/p>\n<p>La Municipalidad de Mejillones, a trav\u00e9s de su Direcci\u00f3n de Medio Ambiente Aseo y Ornato (Dimao), acudi\u00f3 al Balneario Hornitos luego de recibir una denuncia ciudadana por el hallazgo de una ballena varada que estaba enmallada en una red de pesca en la orilla de la playa.<br \/>\nHasta el sector concurrieron funcionarios de Dimao, Sernapesca y del Centro de Investigaci\u00f3n de Fauna Marina y Avistamiento de Cet\u00e1ceos (Cifamac), quienes realizaron la inspecci\u00f3n del ejemplar y retiraron parte de la red de pesca como evidencia para apoyar la investigaci\u00f3n.<br \/>\nAnte este hecho, el municipio presentar\u00e1 una denuncia formal ante Sernapesca con el objetivo de que se investiguen las circunstancias en que el cet\u00e1ceo result\u00f3 enmallado. Asimismo, los antecedentes ser\u00e1n puestos a disposici\u00f3n de la Capitan\u00eda de Puerto, organismo competente para realizar las diligencias que correspondan.<br \/>\nMarcelino Carvajal, alcalde de Mejillones, se\u00f1al\u00f3 que \u201ccomo municipio lamentamos profundamente la muerte de este ejemplar de ballena jorobada, una especie que forma parte del valioso patrimonio natural de nuestra bah\u00eda. Por ello, presentaremos la denuncia correspondiente para que se investiguen las circunstancias de este hecho y se determinen las eventuales responsabilidades\u201d.<br \/>\nLa autoridad comunal agreg\u00f3 que \u201cnuestro municipio ha trabajado durante a\u00f1os en la protecci\u00f3n de los cet\u00e1ceos y de la biodiversidad marina. En 2022 fuimos parte de la firma del C\u00f3digo Voluntario de Navegaci\u00f3n para prevenir la colisi\u00f3n de embarcaciones con ballenas y seguiremos impulsando todas las acciones necesarias para resguardar este ecosistema\u201d.<br \/>\nPablo Santoro, director (s) de Dimao, asegur\u00f3 que \u201cdesde hace a\u00f1os hemos impulsado un trabajo constante para proteger a los cet\u00e1ceos que transitan por las costas de Mejillones. Por eso nos preocupa especialmente que situaciones como esta puedan estar relacionadas con actividades pesqueras que no se ajusten a la normativa. Las ballenas son especies protegidas y su conservaci\u00f3n es una responsabilidad de todos\u201d.<br \/>\nPor su parte, el director de Cifamac, Juan Menares, coment\u00f3 que \u201clamentablemente, pudimos confirmar que esta ballena jorobada muri\u00f3 tras enredarse en una red albacorera. Por el estado de descomposici\u00f3n, estimamos que llevaba entre cinco y siete d\u00edas a la deriva, luego de que la red fuera cortada y el animal quedara abandonado en el mar. Es un hecho muy preocupante, porque no solo termin\u00f3 con la vida de este ejemplar, sino que tambi\u00e9n puso en riesgo a otras especies y a las embarcaciones que se encontraban en su trayectoria\u201d.<br \/>\nDijo que \u201cesperamos que la investigaci\u00f3n permita determinar responsabilidades y, sobre todo, que este tipo de hechos no vuelva a repetirse, considerando que Mejillones forma parte de una importante ruta de tr\u00e1nsito de cet\u00e1ceos\u201d.<\/p>\n<p>Fuente: https:\/\/www.soychile.cl\/antofagasta\/sociedad\/2026\/07\/20\/958220\/municipio-ballena-hornito.html<br \/>\nSitio:Soychile.cl<\/p>\n","protected":false},"excerpt":{"rendered":"<p>Asimismo, los antecedentes ser\u00e1n puestos a disposici\u00f3n de la Capitan\u00eda de Puerto, organismo competente para realizar las diligencias que correspondan. La Municipalidad de Mejillones, a trav\u00e9s de su Direcci\u00f3n de Medio Ambiente Aseo y Ornato (Dimao), acudi\u00f3 al Balneario Hornitos luego de recibir una denuncia ciudadana por el hallazgo de una ballena varada que estaba &hellip;<\/p>\n","protected":false},"author":2,"featured_media":14666,"comment_status":"closed","ping_status":"closed","sticky":false,"template":"","format":"standard","meta":{"footnotes":""},"categories":[3],"tags":[],"class_list":["post-14665","post","type-post","status-publish","format-standard","has-post-thumbnail","hentry","category-pais"],"_links":{"self":[{"href":"https:\/\/www.elregional.cl\/index.php?rest_route=\/wp\/v2\/posts\/14665","targetHints":{"allow":["GET"]}}],"collection":[{"href":"https:\/\/www.elregional.cl\/index.php?rest_route=\/wp\/v2\/posts"}],"about":[{"href":"https:\/\/www.elregional.cl\/index.php?rest_route=\/wp\/v2\/types\/post"}],"author":[{"embeddable":true,"href":"https:\/\/www.elregional.cl\/index.php?rest_route=\/wp\/v2\/users\/2"}],"replies":[{"embeddable":true,"href":"https:\/\/www.elregional.cl\/index.php?rest_route=%2Fwp%2Fv2%2Fcomments&post=14665"}],"version-history":[{"count":1,"href":"https:\/\/www.elregional.cl\/index.php?rest_route=\/wp\/v2\/posts\/14665\/revisions"}],"predecessor-version":[{"id":14667,"href":"https:\/\/www.elregional.cl\/index.php?rest_route=\/wp\/v2\/posts\/14665\/revisions\/14667"}],"wp:featuredmedia":[{"embeddable":true,"href":"https:\/\/www.elregional.cl\/index.php?rest_route=\/wp\/v2\/media\/14666"}],"wp:attachment":[{"href":"https:\/\/www.elregional.cl\/index.php?rest_route=%2Fwp%2Fv2%2Fmedia&parent=14665"}],"wp:term":[{"taxonomy":"category","embeddable":true,"href":"https:\/\/www.elregional.cl\/index.php?rest_route=%2Fwp%2Fv2%2Fcategories&post=14665"},{"taxonomy":"post_tag","embeddable":true,"href":"https:\/\/www.elregional.cl\/index.php?rest_route=%2Fwp%2Fv2%2Ftags&post=14665"}],"curies":[{"name":"wp","href":"https:\/\/api.w.org\/{rel}","templated":true}]}}