{"id":1467,"date":"2024-09-30T15:38:14","date_gmt":"2024-09-30T15:38:14","guid":{"rendered":"https:\/\/www.elregional.cl\/?p=1467"},"modified":"2024-09-30T15:38:14","modified_gmt":"2024-09-30T15:38:14","slug":"hombre-de-69-anos-fallece-por-inmersion-en-tranque-de-illapel","status":"publish","type":"post","link":"https:\/\/www.elregional.cl\/?p=1467","title":{"rendered":"Hombre de 69 a\u00f1os fallece por inmersi\u00f3n en tranque de Illapel."},"content":{"rendered":"<div class=\"td-header-wrap\">\n<div id=\"td-header-menu\">\n<div class=\"td-main-menu-logo\"><\/div>\n<\/div>\n<\/div>\n<div class=\"td-container\">\n<article id=\"post-47777\" class=\"post-47777 post type-post status-publish format-standard hentry category-policial\">\n<div class=\"td-post-header\">\n<header class=\"td-post-title\">\n<div class=\"td-module-meta-info\"><\/div>\n<\/header>\n<\/div>\n<div class=\"td-post-content\">\n<div class=\"td-post-sharing td-post-sharing-top\">\n<div class=\"td-default-sharing\"><i class=\"td-icon-facebook\"><\/i>\u00a0<i class=\"td-icon-twitter\"><\/i>\u00a0<i class=\"td-icon-googleplus\"><\/i>\u00a0<i class=\"td-icon-pinterest\"><\/i>\u00a0<i class=\"td-icon-whatsapp\"><\/i><\/div>\n<\/div>\n<p><em><strong>Davidnoticias.cl<\/strong><\/em><\/p>\n<p><em><strong>Alrededor de las 13:30 horas de hoy, Carabineros de Illapel fueron alertados de un lamentable suceso en una parcela del sector rural de La Capilla.<\/strong><\/em><\/p>\n<p>En el lugar, se constat\u00f3 el fallecimiento de un hombre de 69 a\u00f1os, cuyo cuerpo fue encontrado flotando en un tranque acumulador de agua.<\/p>\n<p>Seg\u00fan la informaci\u00f3n entregada por el hijo de la v\u00edctima, el hombre hab\u00eda salido horas antes a regar sus cultivos en el sector del tranque. Al no responder a m\u00faltiples llamadas telef\u00f3nicas, el hijo decidi\u00f3 acudir al lugar, encontrando a su padre sin signos vitales.<\/p>\n<p>Personal del SAMU lleg\u00f3 r\u00e1pidamente al sitio y confirm\u00f3 que la causa del fallecimiento fue inmersi\u00f3n. Las autoridades est\u00e1n investigando las circunstancias que rodean este tr\u00e1gico incidente.<\/p>\n<\/div>\n<\/article>\n<\/div>\n","protected":false},"excerpt":{"rendered":"<p>\u00a0\u00a0\u00a0\u00a0 Davidnoticias.cl Alrededor de las 13:30 horas de hoy, Carabineros de Illapel fueron alertados de un lamentable suceso en una parcela del sector rural de La Capilla. En el lugar, se constat\u00f3 el fallecimiento de un hombre de 69 a\u00f1os, cuyo cuerpo fue encontrado flotando en un tranque acumulador de agua. Seg\u00fan la informaci\u00f3n entregada &hellip;<\/p>\n","protected":false},"author":2,"featured_media":0,"comment_status":"closed","ping_status":"closed","sticky":false,"template":"","format":"standard","meta":{"footnotes":""},"categories":[13],"tags":[],"class_list":["post-1467","post","type-post","status-publish","format-standard","hentry","category-coquimbo"],"_links":{"self":[{"href":"https:\/\/www.elregional.cl\/index.php?rest_route=\/wp\/v2\/posts\/1467","targetHints":{"allow":["GET"]}}],"collection":[{"href":"https:\/\/www.elregional.cl\/index.php?rest_route=\/wp\/v2\/posts"}],"about":[{"href":"https:\/\/www.elregional.cl\/index.php?rest_route=\/wp\/v2\/types\/post"}],"author":[{"embeddable":true,"href":"https:\/\/www.elregional.cl\/index.php?rest_route=\/wp\/v2\/users\/2"}],"replies":[{"embeddable":true,"href":"https:\/\/www.elregional.cl\/index.php?rest_route=%2Fwp%2Fv2%2Fcomments&post=1467"}],"version-history":[{"count":1,"href":"https:\/\/www.elregional.cl\/index.php?rest_route=\/wp\/v2\/posts\/1467\/revisions"}],"predecessor-version":[{"id":1469,"href":"https:\/\/www.elregional.cl\/index.php?rest_route=\/wp\/v2\/posts\/1467\/revisions\/1469"}],"wp:attachment":[{"href":"https:\/\/www.elregional.cl\/index.php?rest_route=%2Fwp%2Fv2%2Fmedia&parent=1467"}],"wp:term":[{"taxonomy":"category","embeddable":true,"href":"https:\/\/www.elregional.cl\/index.php?rest_route=%2Fwp%2Fv2%2Fcategories&post=1467"},{"taxonomy":"post_tag","embeddable":true,"href":"https:\/\/www.elregional.cl\/index.php?rest_route=%2Fwp%2Fv2%2Ftags&post=1467"}],"curies":[{"name":"wp","href":"https:\/\/api.w.org\/{rel}","templated":true}]}}