{"id":14674,"date":"2026-07-21T08:25:24","date_gmt":"2026-07-21T08:25:24","guid":{"rendered":"https:\/\/www.elregional.cl\/?p=14674"},"modified":"2026-07-21T08:25:24","modified_gmt":"2026-07-21T08:25:24","slug":"mineduc-mantiene-suspension-de-clases-en-la-region-de-coquimbo-por-emergencia-climatica","status":"publish","type":"post","link":"https:\/\/www.elregional.cl\/?p=14674","title":{"rendered":"Mineduc mantiene suspensi\u00f3n de clases en la Regi\u00f3n de Coquimbo por emergencia clim\u00e1tica"},"content":{"rendered":"<div class=\"td-header-wrap\">\n<div id=\"td-header-menu\">\n<div class=\"td-main-menu-logo\"><\/div>\n<\/div>\n<\/div>\n<div class=\"td-container\">\n<article id=\"post-57627\" class=\"post-57627 post type-post status-publish format-standard hentry category-choapa\">\n<div class=\"td-post-content\">\n<div class=\"td-post-sharing td-post-sharing-top\">\n<div class=\"td-default-sharing\"><i class=\"td-icon-facebook\"><\/i>\u00a0<i class=\"td-icon-twitter\"><\/i> \u00a0<i class=\"td-icon-whatsapp\"><\/i><\/div>\n<\/div>\n<div class=\"qMYqUG_convSearchResultHighlightRoot\">\n<div class=\"\" data-turn-id-container=\"request-WEB:ad4414c9-13aa-4230-b211-e9d42ffdd383-1\" data-is-intersecting=\"true\">\n<section class=\"text-token-text-primary w-full focus:outline-none has-data-writing-block:pointer-events-none [&amp;:has([data-writing-block])&gt;*]:pointer-events-auto R6Vx5W_threadScrollVars scroll-mb-[calc(var(--scroll-root-safe-area-inset-bottom,0px)+var(--thread-response-height))] scroll-mt-[calc(var(--header-height)+min(200px,max(70px,20svh)))]\" dir=\"auto\" data-turn-id=\"request-WEB:ad4414c9-13aa-4230-b211-e9d42ffdd383-1\" data-turn-id-container=\"request-WEB:ad4414c9-13aa-4230-b211-e9d42ffdd383-1\" data-testid=\"conversation-turn-4\" data-turn=\"assistant\">\n<div class=\"text-base my-auto mx-auto pb-15 [--thread-content-margin:var(--thread-content-margin-xs,calc(var(--spacing)*4))] @w-sm\/main:[--thread-content-margin:var(--thread-content-margin-sm,calc(var(--spacing)*6))] @w-lg\/main:[--thread-content-margin:var(--thread-content-margin-lg,calc(var(--spacing)*16))] px-(--thread-content-margin)\">\n<div class=\"[--thread-content-max-width:40rem] @w-lg\/main:[--thread-content-max-width:48rem] mx-auto max-w-(--thread-content-max-width) flex-1 group\/turn-messages focus-visible:outline-hidden relative flex w-full min-w-0 flex-col agent-turn\" data-conversation-screenshot-content=\"\">\n<div class=\"flex max-w-full flex-col gap-4 grow\">\n<div class=\"min-h-8 text-message relative flex w-full flex-col items-end gap-2 text-start break-words whitespace-normal outline-none keyboard-focused:focus-ring [.text-message+&amp;]:mt-1\" dir=\"auto\" tabindex=\"0\" data-message-author-role=\"assistant\" data-message-id=\"7f6345d6-c25a-4dbd-8459-814ec073e18a\" data-message-model-slug=\"gpt-5-5\" data-turn-start-message=\"true\">\n<div class=\"flex w-full flex-col gap-1 empty:hidden\">\n<div class=\"markdown prose dark:prose-invert wrap-break-word w-full light markdown-new-styling\">\n<p class=\"PDq2pG_selectionAnchorContainer\" data-start=\"93\" data-end=\"323\"><em><strong>El Ministerio de Educaci\u00f3n confirm\u00f3 que se mantendr\u00e1 la suspensi\u00f3n de clases en toda la Regi\u00f3n de Coquimbo durante el martes 21 y mi\u00e9rcoles 22 de julio, debido a la emergencia provocada por el intenso sistema frontal que afecta a la zona.<\/strong><\/em><\/p>\n<p data-start=\"325\" data-end=\"645\">La medida aplica para\u00a0<strong data-start=\"347\" data-end=\"411\">todos los establecimientos educacionales p\u00fablicos y privados<\/strong>, incluyendo los niveles de\u00a0<strong data-start=\"439\" data-end=\"479\">educaci\u00f3n parvularia, b\u00e1sica y media<\/strong>, con el objetivo de resguardar la seguridad de estudiantes, docentes y asistentes de la educaci\u00f3n mientras contin\u00faan las labores de respuesta frente a la cat\u00e1strofe.<\/p>\n<p data-start=\"647\" data-end=\"877\">La suspensi\u00f3n tambi\u00e9n se extender\u00e1 en la\u00a0<strong data-start=\"688\" data-end=\"711\">Provincia de Huasco<\/strong>, en la Regi\u00f3n de Atacama, abarcando las comunas de\u00a0<strong data-start=\"763\" data-end=\"811\">Vallenar, Huasco, Freirina y Alto del Carmen<\/strong>, que igualmente permanecen afectadas por el evento meteorol\u00f3gico.<\/p>\n<p data-start=\"879\" data-end=\"1196\">Cabe recordar que este lunes<strong data-start=\"902\" data-end=\"924\">\u00a021 de julio<\/strong>\u00a0las clases ya hab\u00edan sido suspendidas en toda la Regi\u00f3n de Coquimbo, adem\u00e1s de diversas comunas de las regiones de\u00a0<strong data-start=\"1040\" data-end=\"1079\">Atacama, Valpara\u00edso y Metropolitana<\/strong>, debido a las intensas lluvias, crecidas de r\u00edos, interrupci\u00f3n de caminos y otras consecuencias del sistema frontal.<\/p>\n<p data-start=\"1198\" data-end=\"1477\" data-is-last-node=\"\" data-is-only-node=\"\">La decisi\u00f3n del Mineduc se enmarca en las medidas adoptadas por las autoridades para enfrentar la emergencia, que mantiene a la Regi\u00f3n de Coquimbo bajo Estado de Cat\u00e1strofe, con m\u00faltiples sectores afectados por inundaciones, aislamiento de comunidades y da\u00f1os en infraestructura.<\/p>\n<\/div>\n<\/div>\n<\/div>\n<\/div>\n<\/div>\n<\/div>\n<\/section>\n<\/div>\n<\/div>\n<\/div>\n<\/article>\n<\/div>\n","protected":false},"excerpt":{"rendered":"<p>\u00a0 \u00a0 El Ministerio de Educaci\u00f3n confirm\u00f3 que se mantendr\u00e1 la suspensi\u00f3n de clases en toda la Regi\u00f3n de Coquimbo durante el martes 21 y mi\u00e9rcoles 22 de julio, debido a la emergencia provocada por el intenso sistema frontal que afecta a la zona. La medida aplica para\u00a0todos los establecimientos educacionales p\u00fablicos y privados, incluyendo &hellip;<\/p>\n","protected":false},"author":2,"featured_media":14648,"comment_status":"closed","ping_status":"closed","sticky":false,"template":"","format":"standard","meta":{"footnotes":""},"categories":[2],"tags":[],"class_list":["post-14674","post","type-post","status-publish","format-standard","has-post-thumbnail","hentry","category-regionales"],"_links":{"self":[{"href":"https:\/\/www.elregional.cl\/index.php?rest_route=\/wp\/v2\/posts\/14674","targetHints":{"allow":["GET"]}}],"collection":[{"href":"https:\/\/www.elregional.cl\/index.php?rest_route=\/wp\/v2\/posts"}],"about":[{"href":"https:\/\/www.elregional.cl\/index.php?rest_route=\/wp\/v2\/types\/post"}],"author":[{"embeddable":true,"href":"https:\/\/www.elregional.cl\/index.php?rest_route=\/wp\/v2\/users\/2"}],"replies":[{"embeddable":true,"href":"https:\/\/www.elregional.cl\/index.php?rest_route=%2Fwp%2Fv2%2Fcomments&post=14674"}],"version-history":[{"count":1,"href":"https:\/\/www.elregional.cl\/index.php?rest_route=\/wp\/v2\/posts\/14674\/revisions"}],"predecessor-version":[{"id":14675,"href":"https:\/\/www.elregional.cl\/index.php?rest_route=\/wp\/v2\/posts\/14674\/revisions\/14675"}],"wp:featuredmedia":[{"embeddable":true,"href":"https:\/\/www.elregional.cl\/index.php?rest_route=\/wp\/v2\/media\/14648"}],"wp:attachment":[{"href":"https:\/\/www.elregional.cl\/index.php?rest_route=%2Fwp%2Fv2%2Fmedia&parent=14674"}],"wp:term":[{"taxonomy":"category","embeddable":true,"href":"https:\/\/www.elregional.cl\/index.php?rest_route=%2Fwp%2Fv2%2Fcategories&post=14674"},{"taxonomy":"post_tag","embeddable":true,"href":"https:\/\/www.elregional.cl\/index.php?rest_route=%2Fwp%2Fv2%2Ftags&post=14674"}],"curies":[{"name":"wp","href":"https:\/\/api.w.org\/{rel}","templated":true}]}}