{"id":1480,"date":"2024-10-01T05:16:29","date_gmt":"2024-10-01T05:16:29","guid":{"rendered":"https:\/\/www.elregional.cl\/?p=1480"},"modified":"2024-10-01T05:16:29","modified_gmt":"2024-10-01T05:16:29","slug":"abren-licitacion-para-remocion-extraccion-y-desguace-de-naves-mayores-en-coquimbo","status":"publish","type":"post","link":"https:\/\/www.elregional.cl\/?p=1480","title":{"rendered":"Abren licitaci\u00f3n para remoci\u00f3n, extracci\u00f3n y desguace de naves mayores en Coquimbo"},"content":{"rendered":"<header class=\"entry-header\"><\/header>\n<div class=\"below-entry-meta\">La <strong>Autoridad Mar\u00edtima de Coquimbo<\/strong>\u00a0dio cuenta del inicio de un procedimiento de llamado de licitaci\u00f3n p\u00fablica para la remoci\u00f3n, extracci\u00f3n y desguace de dos naves mayores.<\/div>\n<div class=\"entry-content clearfix\">\n<p>Lo tratado corresponde al nav\u00edo pesquero\u00a0<strong>Isla<\/strong>\u00a0<strong>Lennox<\/strong>, el que fue declarado en condici\u00f3n de \u201cabandono a favor del Fisco\u201d y que se ubica en el sector de playa Changa.<\/p>\n<p>En tanto, el buque restante corresponde al pesquero\u00a0<strong>Las Nieves<\/strong>, el que tambi\u00e9n se encuentra \u201cdeclarado en abandono en favor del Fisco\u201d. La motonave est\u00e1 fondeada en la bah\u00eda de Coquimbo.<\/p>\n<p>En l\u00ednea con lo dado a conocer por la Autoridad Mar\u00edtima, el plazo de presentaci\u00f3n de propuestas se extender\u00e1 hasta el lunes 14 de octubre y deber\u00e1n ser entregadas antes de la 16:00 horas de aquel d\u00eda en dependencias de la Capitan\u00eda de Puerto de Coquimbo.<\/p>\n<\/div>\n","protected":false},"excerpt":{"rendered":"<p>La Autoridad Mar\u00edtima de Coquimbo\u00a0dio cuenta del inicio de un procedimiento de llamado de licitaci\u00f3n p\u00fablica para la remoci\u00f3n, extracci\u00f3n y desguace de dos naves mayores. Lo tratado corresponde al nav\u00edo pesquero\u00a0Isla\u00a0Lennox, el que fue declarado en condici\u00f3n de \u201cabandono a favor del Fisco\u201d y que se ubica en el sector de playa Changa. En &hellip;<\/p>\n","protected":false},"author":2,"featured_media":0,"comment_status":"closed","ping_status":"closed","sticky":false,"template":"","format":"standard","meta":{"footnotes":""},"categories":[13],"tags":[],"class_list":["post-1480","post","type-post","status-publish","format-standard","hentry","category-coquimbo"],"_links":{"self":[{"href":"https:\/\/www.elregional.cl\/index.php?rest_route=\/wp\/v2\/posts\/1480","targetHints":{"allow":["GET"]}}],"collection":[{"href":"https:\/\/www.elregional.cl\/index.php?rest_route=\/wp\/v2\/posts"}],"about":[{"href":"https:\/\/www.elregional.cl\/index.php?rest_route=\/wp\/v2\/types\/post"}],"author":[{"embeddable":true,"href":"https:\/\/www.elregional.cl\/index.php?rest_route=\/wp\/v2\/users\/2"}],"replies":[{"embeddable":true,"href":"https:\/\/www.elregional.cl\/index.php?rest_route=%2Fwp%2Fv2%2Fcomments&post=1480"}],"version-history":[{"count":1,"href":"https:\/\/www.elregional.cl\/index.php?rest_route=\/wp\/v2\/posts\/1480\/revisions"}],"predecessor-version":[{"id":1482,"href":"https:\/\/www.elregional.cl\/index.php?rest_route=\/wp\/v2\/posts\/1480\/revisions\/1482"}],"wp:attachment":[{"href":"https:\/\/www.elregional.cl\/index.php?rest_route=%2Fwp%2Fv2%2Fmedia&parent=1480"}],"wp:term":[{"taxonomy":"category","embeddable":true,"href":"https:\/\/www.elregional.cl\/index.php?rest_route=%2Fwp%2Fv2%2Fcategories&post=1480"},{"taxonomy":"post_tag","embeddable":true,"href":"https:\/\/www.elregional.cl\/index.php?rest_route=%2Fwp%2Fv2%2Ftags&post=1480"}],"curies":[{"name":"wp","href":"https:\/\/api.w.org\/{rel}","templated":true}]}}