{"id":14827,"date":"2026-07-27T08:53:52","date_gmt":"2026-07-27T08:53:52","guid":{"rendered":"https:\/\/www.elregional.cl\/?p=14827"},"modified":"2026-07-27T08:53:52","modified_gmt":"2026-07-27T08:53:52","slug":"regresa-la-lluvia-a-coquimbo-durante-la-semana","status":"publish","type":"post","link":"https:\/\/www.elregional.cl\/?p=14827","title":{"rendered":"Regresa la lluvia a Coquimbo durante la semana"},"content":{"rendered":"<h1><\/h1>\n<div class=\"creditosRedes\">\n<div class=\"right\"><\/div>\n<\/div>\n<div class=\"contenido-nota contenidoNota\">\n<p>La posibilidad de nuevas lluvias vuelve a aparecer en el horizonte para el Norte Chico. La meteor\u00f3loga de\u00a0<strong>Megatiempo, Lissette Aguilera,\u00a0<\/strong>dijo que el segundo<strong>\u00a0<\/strong><a class=\"enlaceAutomatico\" href=\"https:\/\/www.megatiempo.cl\/temas\/sistema-frontal\/\" data-mrf-recirculation=\"Art\u00edculo - Enlaces autom\u00e1ticos\" data-mrf-link=\"https:\/\/www.megatiempo.cl\/temas\/sistema-frontal\/\">sistema frontal<\/a>\u00a0de la pr\u00f3xima semana podr\u00eda alcanzar algunos sectores de\u00a0la\u00a0<a class=\"enlaceAutomatico\" href=\"https:\/\/www.megatiempo.cl\/coquimbo\/\" data-mrf-recirculation=\"Art\u00edculo - Enlaces autom\u00e1ticos\" data-mrf-link=\"https:\/\/www.megatiempo.cl\/coquimbo\/\">regi\u00f3n de Coquimbo<\/a>.<\/p>\n<p>\u00ab<strong>El d\u00eda viernes 31 podr\u00edan registrarse precipitaciones en el borde sur de la\u00a0<a class=\"enlaceAutomatico\" href=\"https:\/\/www.megatiempo.cl\/coquimbo\/\" data-mrf-recirculation=\"Art\u00edculo - Enlaces autom\u00e1ticos\" data-mrf-link=\"https:\/\/www.megatiempo.cl\/coquimbo\/\">regi\u00f3n de Coquimbo<\/a><\/strong>, a partir de Illapel hacia el sur. Tambi\u00e9n se observa m\u00e1s precipitaci\u00f3n hacia el interior de la regi\u00f3n\u00bb, explic\u00f3.<\/p>\n<div class=\"slots-on-paragraph\">\n<div class=\"section-dfp topright\">\n<div class=\"box\">\n<div class=\"topright\">\n<div><\/div>\n<\/div>\n<\/div>\n<\/div>\n<\/div>\n<p>De acuerdo con los \u00faltimos reportes satelitales, apunt\u00f3, ya \u00ab<strong>se observa un pulso importante ese d\u00eda<\/strong>, aunque ser\u00eda un pulso de corta duraci\u00f3n\u00bb.<\/p>\n<h2>\u00bfSeguir\u00e1 lloviendo en la regi\u00f3n de Coquimbo?<\/h2>\n<p>Aguilera a\u00f1adi\u00f3 que la influencia de ese\u00a0<a class=\"enlaceAutomatico\" href=\"https:\/\/www.megatiempo.cl\/temas\/sistema-frontal\/\" data-mrf-recirculation=\"Art\u00edculo - Enlaces autom\u00e1ticos\" data-mrf-link=\"https:\/\/www.megatiempo.cl\/temas\/sistema-frontal\/\">sistema frontal<\/a>\u00a0se extender\u00eda entre fines de julio y los primeros d\u00edas de agosto, aunque no con precipitaciones continuas sobre la regi\u00f3n.<\/p>\n<\/div>\n","protected":false},"excerpt":{"rendered":"<p>La posibilidad de nuevas lluvias vuelve a aparecer en el horizonte para el Norte Chico. La meteor\u00f3loga de\u00a0Megatiempo, Lissette Aguilera,\u00a0dijo que el segundo\u00a0sistema frontal\u00a0de la pr\u00f3xima semana podr\u00eda alcanzar algunos sectores de\u00a0la\u00a0regi\u00f3n de Coquimbo. \u00abEl d\u00eda viernes 31 podr\u00edan registrarse precipitaciones en el borde sur de la\u00a0regi\u00f3n de Coquimbo, a partir de Illapel hacia el &hellip;<\/p>\n","protected":false},"author":2,"featured_media":14828,"comment_status":"closed","ping_status":"closed","sticky":false,"template":"","format":"standard","meta":{"footnotes":""},"categories":[2],"tags":[],"class_list":["post-14827","post","type-post","status-publish","format-standard","has-post-thumbnail","hentry","category-regionales"],"_links":{"self":[{"href":"https:\/\/www.elregional.cl\/index.php?rest_route=\/wp\/v2\/posts\/14827","targetHints":{"allow":["GET"]}}],"collection":[{"href":"https:\/\/www.elregional.cl\/index.php?rest_route=\/wp\/v2\/posts"}],"about":[{"href":"https:\/\/www.elregional.cl\/index.php?rest_route=\/wp\/v2\/types\/post"}],"author":[{"embeddable":true,"href":"https:\/\/www.elregional.cl\/index.php?rest_route=\/wp\/v2\/users\/2"}],"replies":[{"embeddable":true,"href":"https:\/\/www.elregional.cl\/index.php?rest_route=%2Fwp%2Fv2%2Fcomments&post=14827"}],"version-history":[{"count":1,"href":"https:\/\/www.elregional.cl\/index.php?rest_route=\/wp\/v2\/posts\/14827\/revisions"}],"predecessor-version":[{"id":14829,"href":"https:\/\/www.elregional.cl\/index.php?rest_route=\/wp\/v2\/posts\/14827\/revisions\/14829"}],"wp:featuredmedia":[{"embeddable":true,"href":"https:\/\/www.elregional.cl\/index.php?rest_route=\/wp\/v2\/media\/14828"}],"wp:attachment":[{"href":"https:\/\/www.elregional.cl\/index.php?rest_route=%2Fwp%2Fv2%2Fmedia&parent=14827"}],"wp:term":[{"taxonomy":"category","embeddable":true,"href":"https:\/\/www.elregional.cl\/index.php?rest_route=%2Fwp%2Fv2%2Fcategories&post=14827"},{"taxonomy":"post_tag","embeddable":true,"href":"https:\/\/www.elregional.cl\/index.php?rest_route=%2Fwp%2Fv2%2Ftags&post=14827"}],"curies":[{"name":"wp","href":"https:\/\/api.w.org\/{rel}","templated":true}]}}