{"id":15295,"date":"2026-08-29T16:40:03","date_gmt":"2026-08-29T20:40:03","guid":{"rendered":"https:\/\/www.elregional.cl\/?p=15295"},"modified":"2026-08-29T20:40:04","modified_gmt":"2026-08-29T20:40:04","slug":"lucas-assadi-debera-esperar-para-debutar-en-suecia-tras-tramite-migratorio","status":"publish","type":"post","link":"https:\/\/www.elregional.cl\/?p=15295","title":{"rendered":"Lucas Assadi deber\u00e1 esperar para debutar en Suecia tras tr\u00e1mite migratorio"},"content":{"rendered":"<h3><\/h3>\n<p>El chileno Lucas Assadi tendr\u00e1 que esperar algunos d\u00edas m\u00e1s para concretar su debut en el f\u00fatbol europeo, luego de que un tr\u00e1mite migratorio le impidiera entrenar este viernes junto a sus nuevos compa\u00f1eros en el AIK de Suecia.<\/p>\n<p>El formado en Universidad de Chile no podr\u00e1 ser considerado para el cl\u00e1sico de este domingo frente a Hammarby, debido a que todav\u00eda debe completar los \u00faltimos procedimientos para obtener su permiso de residencia en el pa\u00eds.<\/p>\n<p>Desde AIK explicaron que la situaci\u00f3n responde exclusivamente a motivos administrativos y que el proceso podr\u00eda extenderse durante los pr\u00f3ximos d\u00edas, antes de que el futbolista pueda instalarse definitivamente en Suecia y quedar habilitado para competir.<\/p>\n<p>Assadi fue anunciado recientemente como nuevo refuerzo del conjunto sueco, dando as\u00ed el salto al f\u00fatbol europeo despu\u00e9s de su paso por Universidad de Chile.<\/p>\n<p>AIK ocupa actualmente el s\u00e9ptimo lugar de la tabla, con 28 puntos en 17 partidos disputados. El cl\u00e1sico ante Hammarby est\u00e1 programado para este domingo a las 08:00 horas de Chile.<\/p>\n","protected":false},"excerpt":{"rendered":"<p>El chileno Lucas Assadi tendr\u00e1 que esperar algunos d\u00edas m\u00e1s para concretar su debut en el f\u00fatbol europeo, luego de que un tr\u00e1mite migratorio le impidiera entrenar este viernes junto a sus nuevos compa\u00f1eros en el AIK de Suecia. El formado en Universidad de Chile no podr\u00e1 ser considerado para el cl\u00e1sico de este domingo &hellip;<\/p>\n","protected":false},"author":3,"featured_media":15297,"comment_status":"open","ping_status":"closed","sticky":false,"template":"","format":"standard","meta":{"footnotes":""},"categories":[5],"tags":[],"class_list":["post-15295","post","type-post","status-publish","format-standard","has-post-thumbnail","hentry","category-deportes"],"_links":{"self":[{"href":"https:\/\/www.elregional.cl\/index.php?rest_route=\/wp\/v2\/posts\/15295","targetHints":{"allow":["GET"]}}],"collection":[{"href":"https:\/\/www.elregional.cl\/index.php?rest_route=\/wp\/v2\/posts"}],"about":[{"href":"https:\/\/www.elregional.cl\/index.php?rest_route=\/wp\/v2\/types\/post"}],"author":[{"embeddable":true,"href":"https:\/\/www.elregional.cl\/index.php?rest_route=\/wp\/v2\/users\/3"}],"replies":[{"embeddable":true,"href":"https:\/\/www.elregional.cl\/index.php?rest_route=%2Fwp%2Fv2%2Fcomments&post=15295"}],"version-history":[{"count":1,"href":"https:\/\/www.elregional.cl\/index.php?rest_route=\/wp\/v2\/posts\/15295\/revisions"}],"predecessor-version":[{"id":15296,"href":"https:\/\/www.elregional.cl\/index.php?rest_route=\/wp\/v2\/posts\/15295\/revisions\/15296"}],"wp:featuredmedia":[{"embeddable":true,"href":"https:\/\/www.elregional.cl\/index.php?rest_route=\/wp\/v2\/media\/15297"}],"wp:attachment":[{"href":"https:\/\/www.elregional.cl\/index.php?rest_route=%2Fwp%2Fv2%2Fmedia&parent=15295"}],"wp:term":[{"taxonomy":"category","embeddable":true,"href":"https:\/\/www.elregional.cl\/index.php?rest_route=%2Fwp%2Fv2%2Fcategories&post=15295"},{"taxonomy":"post_tag","embeddable":true,"href":"https:\/\/www.elregional.cl\/index.php?rest_route=%2Fwp%2Fv2%2Ftags&post=15295"}],"curies":[{"name":"wp","href":"https:\/\/api.w.org\/{rel}","templated":true}]}}