{"id":15299,"date":"2026-08-29T16:46:10","date_gmt":"2026-08-29T20:46:10","guid":{"rendered":"https:\/\/www.elregional.cl\/?p=15299"},"modified":"2026-08-29T16:46:10","modified_gmt":"2026-08-29T20:46:10","slug":"centro-tecnologico-para-la-innovacion-alimentaria-fortalece-su-vinculacion-con-corfo-en-la-region-de-coquimbo","status":"publish","type":"post","link":"https:\/\/www.elregional.cl\/?p=15299","title":{"rendered":"Centro Tecnol\u00f3gico para la Innovaci\u00f3n Alimentaria fortalece su vinculaci\u00f3n con Corfo en la Regi\u00f3n de Coquimbo"},"content":{"rendered":"<p align=\"justify\"><strong>La reuni\u00f3n permiti\u00f3 presentar las capacidades del centro, sus proyectos actuales y futuras iniciativas, adem\u00e1s de explorar nuevas oportunidades de colaboraci\u00f3n y apoyo para impulsar la innovaci\u00f3n alimentaria en la regi\u00f3n.<\/strong><!--more--><\/p>\n<p>&nbsp;<\/p>\n<p>&nbsp;<\/p>\n<p>Con el objetivo de fortalecer la articulaci\u00f3n con actores clave del ecosistema regional de innovaci\u00f3n, el equipo de\u00a0Centro Tecnol\u00f3gico para la Innovaci\u00f3n Alementaria, CeTA Zona Norte,\u00a0sostuvo una reuni\u00f3n con el Director Regional de Corfo en Coquimbo,\u00a0Juan Pablo Arriagada, instancia que permiti\u00f3 dar a conocer el trabajo que desarrolla el centro, sus capacidades tecnol\u00f3gicas y los proyectos que actualmente impulsa en el territorio.<\/p>\n<p>El encuentro se efectu\u00f3 en las oficinas de Corfo en La Serena y cont\u00f3 con la participaci\u00f3n de Lorena Pacheco, jefa de CeTA Zona Norte; Sebasti\u00e1n Cort\u00e9s, operador de Planta; Diego Naranjo, ingeniero en Alimentos; Fernanda del Canto, operadora de Planta; y Marisol Guti\u00e9rrez, coordinadora Programa de Difusi\u00f3n Tecnol\u00f3gica (PDT) Agromar.<\/p>\n<p>Durante la jornada, el equipo present\u00f3 el funcionamiento de\u00a0CeTA Zona Norte, sus capacidades para el desarrollo y prototipado de soluciones alimentarias, adem\u00e1s de compartir algunos de los proyectos actualmente en ejecuci\u00f3n y las futuras iniciativas que buscan continuar fortaleciendo el desarrollo de innovaci\u00f3n alimentaria en la regi\u00f3n.<\/p>\n<p>Uno de los principales focos de la conversaci\u00f3n fue explorar las distintas formas en que Corfo puede contribuir al desarrollo de estas iniciativas, tanto mediante instrumentos de apoyo y financiamiento, a trav\u00e9s de la generaci\u00f3n de conexiones con empresas y otros actores del ecosistema. En este contexto, se abordaron oportunidades vinculadas a futuras postulaciones a instrumentos que posee la Corporaci\u00f3n.<\/p>\n<p>La instancia tambi\u00e9n permiti\u00f3 presentar algunos de los prototipos desarrollados en la planta de\u00a0CeTA Zona Norte, acercando a los representantes de Corfo a las capacidades t\u00e9cnicas y tecnol\u00f3gicas que el centro pone a disposici\u00f3n de empresas, emprendedores y organizaciones para avanzar desde la idea y la experimentaci\u00f3n hacia nuevas soluciones alimentarias.<\/p>\n<p>Para CeTA, fortalecer este tipo de v\u00ednculos resulta clave para ampliar las redes de colaboraci\u00f3n y generar nuevas oportunidades que permitan impulsar proyectos de innovaci\u00f3n, desarrollo tecnol\u00f3gico y transferencia de conocimiento en el territorio.<\/p>\n<p>La reuni\u00f3n reafirma as\u00ed la importancia del trabajo articulado entre\u00a0CeTA Zona Norte y Corfo, abriendo nuevas posibilidades de colaboraci\u00f3n para el desarrollo de iniciativas que contribuyan al fortalecimiento del ecosistema regional de innovaci\u00f3n alimentaria.<\/p>\n<p>&nbsp;<\/p>\n","protected":false},"excerpt":{"rendered":"<p>La reuni\u00f3n permiti\u00f3 presentar las capacidades del centro, sus proyectos actuales y futuras iniciativas, adem\u00e1s de explorar nuevas oportunidades de colaboraci\u00f3n y apoyo para impulsar la innovaci\u00f3n alimentaria en la regi\u00f3n. &nbsp; &nbsp; Con el objetivo de fortalecer la articulaci\u00f3n con actores clave del ecosistema regional de innovaci\u00f3n, el equipo de\u00a0Centro Tecnol\u00f3gico para la Innovaci\u00f3n &hellip;<\/p>\n","protected":false},"author":3,"featured_media":15301,"comment_status":"open","ping_status":"closed","sticky":false,"template":"","format":"standard","meta":{"footnotes":""},"categories":[2],"tags":[],"class_list":["post-15299","post","type-post","status-publish","format-standard","has-post-thumbnail","hentry","category-regionales"],"_links":{"self":[{"href":"https:\/\/www.elregional.cl\/index.php?rest_route=\/wp\/v2\/posts\/15299","targetHints":{"allow":["GET"]}}],"collection":[{"href":"https:\/\/www.elregional.cl\/index.php?rest_route=\/wp\/v2\/posts"}],"about":[{"href":"https:\/\/www.elregional.cl\/index.php?rest_route=\/wp\/v2\/types\/post"}],"author":[{"embeddable":true,"href":"https:\/\/www.elregional.cl\/index.php?rest_route=\/wp\/v2\/users\/3"}],"replies":[{"embeddable":true,"href":"https:\/\/www.elregional.cl\/index.php?rest_route=%2Fwp%2Fv2%2Fcomments&post=15299"}],"version-history":[{"count":1,"href":"https:\/\/www.elregional.cl\/index.php?rest_route=\/wp\/v2\/posts\/15299\/revisions"}],"predecessor-version":[{"id":15300,"href":"https:\/\/www.elregional.cl\/index.php?rest_route=\/wp\/v2\/posts\/15299\/revisions\/15300"}],"wp:featuredmedia":[{"embeddable":true,"href":"https:\/\/www.elregional.cl\/index.php?rest_route=\/wp\/v2\/media\/15301"}],"wp:attachment":[{"href":"https:\/\/www.elregional.cl\/index.php?rest_route=%2Fwp%2Fv2%2Fmedia&parent=15299"}],"wp:term":[{"taxonomy":"category","embeddable":true,"href":"https:\/\/www.elregional.cl\/index.php?rest_route=%2Fwp%2Fv2%2Fcategories&post=15299"},{"taxonomy":"post_tag","embeddable":true,"href":"https:\/\/www.elregional.cl\/index.php?rest_route=%2Fwp%2Fv2%2Ftags&post=15299"}],"curies":[{"name":"wp","href":"https:\/\/api.w.org\/{rel}","templated":true}]}}