{"id":15305,"date":"2026-08-29T16:48:52","date_gmt":"2026-08-29T20:48:52","guid":{"rendered":"https:\/\/www.elregional.cl\/?p=15305"},"modified":"2026-08-29T16:48:53","modified_gmt":"2026-08-29T20:48:53","slug":"comerciantes-participan-del-remate-de-puestos-de-la-pampilla-y-preparan-su-regreso-a-la-fiesta-mas-grande-de-chile","status":"publish","type":"post","link":"https:\/\/www.elregional.cl\/?p=15305","title":{"rendered":"Comerciantes participan del remate de puestos de La Pampilla y preparan su regreso a la Fiesta m\u00e1s grande de Chile"},"content":{"rendered":"<p align=\"justify\"><strong>La tradicional actividad se desarroll\u00f3 en el Edificio Consistorial de Coquimbo, donde comerciantes de distintos puntos de la regi\u00f3n y el pa\u00eds participaron en la subasta por los espacios comerciales que funcionar\u00e1n durante la tradicional celebraci\u00f3n. La jornada estuvo marcada por la expectaci\u00f3n y el entusiasmo ante una edici\u00f3n que busca reactivar la econom\u00eda local tras los efectos del sistema frontal.<\/strong><!--more--><\/p>\n<p align=\"justify\">\n<p align=\"justify\"><span style=\"font-size: medium;\">Con entusiasmo y expectaci\u00f3n se vivi\u00f3 el remate de los puestos comerciales de La Pampilla 2026, proceso que reuni\u00f3 en el Edificio Consistorial de Coquimbo a comerciantes interesados en ser parte de una de las celebraciones m\u00e1s esperadas de septiembre.<\/span><\/p>\n<p align=\"justify\"><span style=\"font-size: medium;\">La jornada permiti\u00f3 a los participantes ofertar por los distintos espacios que estar\u00e1n disponibles durante la \u201cFiesta m\u00e1s grande de Chile\u201d, en un proceso que se desarroll\u00f3 con normalidad y cont\u00f3 con una importante convocatoria de comerciantes de la regi\u00f3n.<\/span><\/p>\n<p align=\"justify\"><span style=\"font-size: medium;\">\u201cEl proceso de remate de los distintos puestos de La Pampilla de este a\u00f1o se ha desarrollado de manera normal. Hemos tenido alta presencia de comerciantes de nuestra regi\u00f3n muy ilusionados en participar\u201d, destaca el alcalde (s) de Coquimbo, Carlos Opaso.<\/span><\/p>\n<p align=\"justify\"><span style=\"font-size: medium;\">La autoridad relev\u00f3 adem\u00e1s el car\u00e1cter especial que tendr\u00e1 esta versi\u00f3n de la tradicional fiesta coquimbana, que este a\u00f1o se realizar\u00e1 bajo el concepto de una Pampilla Solidaria, buscando contribuir a la reactivaci\u00f3n econ\u00f3mica de la comuna y de la regi\u00f3n luego de los efectos provocados por el sistema frontal.<\/span><\/p>\n<p align=\"justify\"><span style=\"font-size: medium;\">\u201cEste a\u00f1o tenemos una Pampilla solidaria que lo que busca es poder reactivar el comercio de nuestra regi\u00f3n y de nuestra comuna y en ese sentido hemos tenido una alta participaci\u00f3n y convocatoria y la ilusi\u00f3n de nuestros comerciantes de poder tener un muy buen 18 de septiembre de este a\u00f1o\u201d, se\u00f1al\u00f3 Opaso.<\/span><\/p>\n<p align=\"justify\"><span style=\"font-size: medium;\">Entre quienes participaron del remate tambi\u00e9n estuvieron comerciantes con una extensa historia ligada a esta celebraci\u00f3n. Es el caso de Alejandro Elizondo, presidente de la Feria Itinerante y del Sindicato de Comerciantes Viajante de Chile, quien record\u00f3 que su v\u00ednculo con La Pampilla se remonta a sus propios inicios. \u201cSoy el inaugurador de La Pampilla\u201d recuerda Elizondo quien comercializa calcetines y este a\u00f1o llegar\u00e1 con Miami Outlet. El comerciante destaca el car\u00e1cter masivo de la celebraci\u00f3n. \u201cLa Pampilla es la fiesta m\u00e1s grande de Chile. A toda la regi\u00f3n, que nos visite como siempre, lo vamos a estar esperando\u201d, afirma.<\/span><\/p>\n<p align=\"justify\"><span style=\"font-size: medium;\">Para otros comerciantes, el remate signific\u00f3 tambi\u00e9n dejar atr\u00e1s la incertidumbre que gener\u00f3 la suspensi\u00f3n inicial de la fiesta producto de la emergencia clim\u00e1tica. Harold Rebolledo, dedicado al rubro de perfumes y joyer\u00eda, lleva cuatro a\u00f1os participando y finalmente logr\u00f3 adjudicarse un puesto para esta edici\u00f3n.<\/span><\/p>\n<p align=\"justify\"><span style=\"font-size: medium;\">\u201cCuando nos dijeron que no iba era s\u00faper lamentable. Hasta ayer que fuimos a reservar y pudimos ser parte hoy d\u00eda de ac\u00e1 del remate. As\u00ed que contento, ya compramos el puestito\u201d, comenta.<\/span><\/p>\n<p align=\"justify\"><span style=\"font-size: medium;\">Una sensaci\u00f3n similar expres\u00f3 Michael Sandoval, comerciante de prendas de vestir que participa desde hace 25 a\u00f1os en La Pampilla. Para \u00e9l, la suspensi\u00f3n hab\u00eda generado una preocupaci\u00f3n importante, especialmente porque deben realizar con anticipaci\u00f3n las compras y preparativos para participar en la fiesta.<\/span><\/p>\n<p align=\"justify\"><span style=\"font-size: medium;\">\u201cCuando no iba est\u00e1bamos todos preocupados, pero se agradece la gesti\u00f3n de que se haya resuelto y de que se volviera a hacer, porque la suspensi\u00f3n nos ten\u00eda a todos preocupados\u201d, se\u00f1ala. Ahora, con la realizaci\u00f3n confirmada, Sandoval espera que el p\u00fablico vuelva a llenar el recinto y destaca tambi\u00e9n los avances que ha experimentado La Pampilla en materia de organizaci\u00f3n y seguridad.<\/span><\/p>\n<p align=\"justify\"><span style=\"font-size: medium;\">Tambi\u00e9n con m\u00e1s de una d\u00e9cada de participaci\u00f3n, Sebasti\u00e1n Mart\u00ednez, dedicado a la venta de art\u00edculos de temporada, valor\u00f3 la posibilidad de volver a instalarse en el tradicional recinto coquimbano. \u201cDe primera igual hab\u00edamos quedado medios tristes, yo creo que, como todas las personas, de que no se iba a realizar una fiesta igual tan importante como esta. Pero gracias a Dios salieron las cosas bien y se dio la oportunidad de poder hacerla y aqu\u00ed estamos haci\u00e9ndonos presentes\u201d, sostiene<\/span><\/p>\n<p align=\"justify\"><span style=\"font-size: medium;\">Con los espacios comerciales ya en proceso de adjudicaci\u00f3n, los comerciantes comienzan ahora una nueva etapa de preparativos, abastecimiento y organizaci\u00f3n para recibir a miles de visitantes durante septiembre.<\/span><\/p>\n<p align=\"justify\"><span style=\"font-size: medium;\">As\u00ed, mientras se acerca la fecha de la celebraci\u00f3n, La Pampilla comienza nuevamente a tomar forma, esta vez con un componente solidario y de reactivaci\u00f3n que busca que comerciantes, emprendedores y familias puedan volver a encontrarse en torno a una de las tradiciones m\u00e1s importantes de Coquimbo.<\/span><\/p>\n","protected":false},"excerpt":{"rendered":"<p>La tradicional actividad se desarroll\u00f3 en el Edificio Consistorial de Coquimbo, donde comerciantes de distintos puntos de la regi\u00f3n y el pa\u00eds participaron en la subasta por los espacios comerciales que funcionar\u00e1n durante la tradicional celebraci\u00f3n. La jornada estuvo marcada por la expectaci\u00f3n y el entusiasmo ante una edici\u00f3n que busca reactivar la econom\u00eda local &hellip;<\/p>\n","protected":false},"author":3,"featured_media":15307,"comment_status":"open","ping_status":"closed","sticky":false,"template":"","format":"standard","meta":{"footnotes":""},"categories":[13],"tags":[],"class_list":["post-15305","post","type-post","status-publish","format-standard","has-post-thumbnail","hentry","category-coquimbo"],"_links":{"self":[{"href":"https:\/\/www.elregional.cl\/index.php?rest_route=\/wp\/v2\/posts\/15305","targetHints":{"allow":["GET"]}}],"collection":[{"href":"https:\/\/www.elregional.cl\/index.php?rest_route=\/wp\/v2\/posts"}],"about":[{"href":"https:\/\/www.elregional.cl\/index.php?rest_route=\/wp\/v2\/types\/post"}],"author":[{"embeddable":true,"href":"https:\/\/www.elregional.cl\/index.php?rest_route=\/wp\/v2\/users\/3"}],"replies":[{"embeddable":true,"href":"https:\/\/www.elregional.cl\/index.php?rest_route=%2Fwp%2Fv2%2Fcomments&post=15305"}],"version-history":[{"count":1,"href":"https:\/\/www.elregional.cl\/index.php?rest_route=\/wp\/v2\/posts\/15305\/revisions"}],"predecessor-version":[{"id":15306,"href":"https:\/\/www.elregional.cl\/index.php?rest_route=\/wp\/v2\/posts\/15305\/revisions\/15306"}],"wp:featuredmedia":[{"embeddable":true,"href":"https:\/\/www.elregional.cl\/index.php?rest_route=\/wp\/v2\/media\/15307"}],"wp:attachment":[{"href":"https:\/\/www.elregional.cl\/index.php?rest_route=%2Fwp%2Fv2%2Fmedia&parent=15305"}],"wp:term":[{"taxonomy":"category","embeddable":true,"href":"https:\/\/www.elregional.cl\/index.php?rest_route=%2Fwp%2Fv2%2Fcategories&post=15305"},{"taxonomy":"post_tag","embeddable":true,"href":"https:\/\/www.elregional.cl\/index.php?rest_route=%2Fwp%2Fv2%2Ftags&post=15305"}],"curies":[{"name":"wp","href":"https:\/\/api.w.org\/{rel}","templated":true}]}}