{"id":1533,"date":"2024-10-03T11:10:39","date_gmt":"2024-10-03T11:10:39","guid":{"rendered":"https:\/\/www.elregional.cl\/?p=1533"},"modified":"2024-10-03T11:15:30","modified_gmt":"2024-10-03T11:15:30","slug":"comerciantes-de-coquimbo-denuncian-estafa-de-alcalde-manoucherhi-durante-la-pampilla","status":"publish","type":"post","link":"https:\/\/www.elregional.cl\/?p=1533","title":{"rendered":"Comerciantes de Coquimbo denuncian estafa de Alcalde Manoucherhi durante La Pampilla."},"content":{"rendered":"<p>&nbsp;<\/p>\n<p>La Vulneraci\u00f3n de derechos por parte de la Administraci\u00f3n Manouchehri es una de las tantas denuncias que dieron a conocer los comerciantes de Coquimbo que \u00bb participaron\u00bb en La Pampilla 2024,\u00a0 durante la manifestaci\u00f3n pac\u00edfica que realizaron la jornada de ayer estos trabajadores en el edificio consistorial porte\u00f1o.<\/p>\n<p>Los locatarios exigen una compensaci\u00f3n debido a la falta de seguridad y el incumplimiento de las promesas realizadas por el municipio de Coquimbo.<\/p>\n<p>Durante los d\u00edas previos a la realizaci\u00f3n del\u00a0 tradicional evento de Fiestas Patrias una serie de informaciones ya \u00bb enrarec\u00edan\u00bb el ambiente y\u00e1 que la opini\u00f3n p\u00fablica se enteraba que nuevamente La Pampilla ser\u00eda realizada por la misma productora de siempre, \u00abbajando\u00bb otras propuestas, los precios por arriendos a comerciantes iba a aumentar y que los espacios para la familia y visitantes iban a ser reducidos.<\/p>\n<p>Todos estos temores o \u00bb rumores\u00bb se concretaron porque tuvimos un evento que tuvo un inicio con un \u00absorpresivo aumento\u00bb del presupuesto solicitado por la administraci\u00f3n municipal por concepto de $ 1200 millones de pesos,\u00a0 un considerable aumento adem\u00e1s en el arriendo de espacio para locales comerciales de $ 250.000 subi\u00f3 a $ 1.000.000, reducci\u00f3n de estos locales y por \u00faltimo la familia coquimbana que lleg\u00f3 como es tradici\u00f3n de hace m\u00e1s de 100 a\u00f1os a acampar a La Pampilla, se encontraron con espacios reducidos ya que el edil Manoucherhi hab\u00eda otorgado licitar m\u00e1s terrenos para arriendo de comerciantes, pero estos espacios fueron ocupados por empresarios y \u00abpalos blancos\u00bb santiaguinos.<\/p>\n<p>Por todo lo anterior el balance que hacen los comerciantes locales es tremendamente negativo, porque casi todos fueron a p\u00e9rdida por una competencia desleal de los locatarios afuerinos y lo que m\u00e1s lamentan nuestros trabajadores es que esta mala pr\u00e1ctica fue avalada por el municipio de Coquimbo.<\/p>\n<p>\u00bf Que dir\u00e1 el balance financiero municipal de este evento?<\/p>\n","protected":false},"excerpt":{"rendered":"<p>&nbsp; La Vulneraci\u00f3n de derechos por parte de la Administraci\u00f3n Manouchehri es una de las tantas denuncias que dieron a conocer los comerciantes de Coquimbo que \u00bb participaron\u00bb en La Pampilla 2024,\u00a0 durante la manifestaci\u00f3n pac\u00edfica que realizaron la jornada de ayer estos trabajadores en el edificio consistorial porte\u00f1o. Los locatarios exigen una compensaci\u00f3n debido &hellip;<\/p>\n","protected":false},"author":2,"featured_media":0,"comment_status":"closed","ping_status":"closed","sticky":false,"template":"","format":"standard","meta":{"footnotes":""},"categories":[13],"tags":[],"class_list":["post-1533","post","type-post","status-publish","format-standard","hentry","category-coquimbo"],"_links":{"self":[{"href":"https:\/\/www.elregional.cl\/index.php?rest_route=\/wp\/v2\/posts\/1533","targetHints":{"allow":["GET"]}}],"collection":[{"href":"https:\/\/www.elregional.cl\/index.php?rest_route=\/wp\/v2\/posts"}],"about":[{"href":"https:\/\/www.elregional.cl\/index.php?rest_route=\/wp\/v2\/types\/post"}],"author":[{"embeddable":true,"href":"https:\/\/www.elregional.cl\/index.php?rest_route=\/wp\/v2\/users\/2"}],"replies":[{"embeddable":true,"href":"https:\/\/www.elregional.cl\/index.php?rest_route=%2Fwp%2Fv2%2Fcomments&post=1533"}],"version-history":[{"count":3,"href":"https:\/\/www.elregional.cl\/index.php?rest_route=\/wp\/v2\/posts\/1533\/revisions"}],"predecessor-version":[{"id":1538,"href":"https:\/\/www.elregional.cl\/index.php?rest_route=\/wp\/v2\/posts\/1533\/revisions\/1538"}],"wp:attachment":[{"href":"https:\/\/www.elregional.cl\/index.php?rest_route=%2Fwp%2Fv2%2Fmedia&parent=1533"}],"wp:term":[{"taxonomy":"category","embeddable":true,"href":"https:\/\/www.elregional.cl\/index.php?rest_route=%2Fwp%2Fv2%2Fcategories&post=1533"},{"taxonomy":"post_tag","embeddable":true,"href":"https:\/\/www.elregional.cl\/index.php?rest_route=%2Fwp%2Fv2%2Ftags&post=1533"}],"curies":[{"name":"wp","href":"https:\/\/api.w.org\/{rel}","templated":true}]}}