{"id":15362,"date":"2026-08-30T10:02:01","date_gmt":"2026-08-30T14:02:01","guid":{"rendered":"https:\/\/www.elregional.cl\/?p=15362"},"modified":"2026-08-30T10:02:02","modified_gmt":"2026-08-30T14:02:02","slug":"rusia-anuncio-campana-de-ataques-masivos-contra-el-sistema-energetico-de-ucrania","status":"publish","type":"post","link":"https:\/\/www.elregional.cl\/?p=15362","title":{"rendered":"Rusia anunci\u00f3 campa\u00f1a de ataques masivos contra el sistema energ\u00e9tico de Ucrania"},"content":{"rendered":"<p>&nbsp;<\/p>\n<p>El Ministerio de Defensa de Rusia anunci\u00f3 el inicio de los preparativos para una nueva campa\u00f1a de ataques masivos contra instalaciones energ\u00e9ticas de Ucrania, en respuesta a los recientes ataques ucranianos contra refiner\u00edas y centros log\u00edsticos rusos.<\/p>\n<p>A trav\u00e9s de un comunicado difundido en Telegram, el mando militar ruso se\u00f1al\u00f3 que las Fuerzas Armadas comenzaron a preparar una ofensiva contra la infraestructura energ\u00e9tica ucraniana, argumentando que se trata de una respuesta a los ataques contra instalaciones civiles y sectores vinculados al complejo energ\u00e9tico y de combustibles de Rusia.<\/p>\n<p>El anuncio genera preocupaci\u00f3n debido a que, hasta ahora, Mosc\u00fa hab\u00eda justificado sus ataques contra instalaciones energ\u00e9ticas ucranianas por su presunta relaci\u00f3n con las operaciones militares de Kiev. La nueva advertencia podr\u00eda ampliar los objetivos hacia infraestructura de car\u00e1cter exclusivamente civil.<\/p>\n<p>La declaraci\u00f3n se produce en medio de una nueva escalada de los ataques entre ambos pa\u00edses. Durante los \u00faltimos d\u00edas, las fuerzas rusas han lanzado ataques con misiles y drones contra Kiev y otras zonas de Ucrania, provocando v\u00edctimas civiles y da\u00f1os en infraestructura.<\/p>\n<p>Uno de los episodios m\u00e1s graves ocurri\u00f3 el viernes, cuando un ataque alcanz\u00f3 un almac\u00e9n que conten\u00eda municiones en el distrito de Bucha, en la regi\u00f3n de Kiev. El hecho dej\u00f3 37 personas fallecidas, seg\u00fan los antecedentes difundidos.<\/p>\n<p>El presidente de Ucrania, Volod\u00edmir Zelenski, tambi\u00e9n cuestion\u00f3 el almacenamiento de explosivos y municiones en sectores cercanos a zonas residenciales, luego de nuevos incidentes registrados en las inmediaciones de Kiev.<\/p>\n<p>Zelenski calific\u00f3 la situaci\u00f3n como \u00abinaceptable\u00bb y apunt\u00f3 a una grave negligencia por mantener material explosivo pr\u00f3ximo a viviendas y poblaci\u00f3n civil.<\/p>\n<p>El anuncio ruso se conoce mientras contin\u00faa la intensificaci\u00f3n de los ataques y crece la preocupaci\u00f3n por el impacto que una nueva ofensiva sobre el sistema energ\u00e9tico podr\u00eda tener en la poblaci\u00f3n ucraniana.<\/p>\n","protected":false},"excerpt":{"rendered":"<p>&nbsp; El Ministerio de Defensa de Rusia anunci\u00f3 el inicio de los preparativos para una nueva campa\u00f1a de ataques masivos contra instalaciones energ\u00e9ticas de Ucrania, en respuesta a los recientes ataques ucranianos contra refiner\u00edas y centros log\u00edsticos rusos. A trav\u00e9s de un comunicado difundido en Telegram, el mando militar ruso se\u00f1al\u00f3 que las Fuerzas Armadas &hellip;<\/p>\n","protected":false},"author":3,"featured_media":15364,"comment_status":"open","ping_status":"closed","sticky":false,"template":"","format":"standard","meta":{"footnotes":""},"categories":[4],"tags":[],"class_list":["post-15362","post","type-post","status-publish","format-standard","has-post-thumbnail","hentry","category-internacional"],"_links":{"self":[{"href":"https:\/\/www.elregional.cl\/index.php?rest_route=\/wp\/v2\/posts\/15362","targetHints":{"allow":["GET"]}}],"collection":[{"href":"https:\/\/www.elregional.cl\/index.php?rest_route=\/wp\/v2\/posts"}],"about":[{"href":"https:\/\/www.elregional.cl\/index.php?rest_route=\/wp\/v2\/types\/post"}],"author":[{"embeddable":true,"href":"https:\/\/www.elregional.cl\/index.php?rest_route=\/wp\/v2\/users\/3"}],"replies":[{"embeddable":true,"href":"https:\/\/www.elregional.cl\/index.php?rest_route=%2Fwp%2Fv2%2Fcomments&post=15362"}],"version-history":[{"count":1,"href":"https:\/\/www.elregional.cl\/index.php?rest_route=\/wp\/v2\/posts\/15362\/revisions"}],"predecessor-version":[{"id":15363,"href":"https:\/\/www.elregional.cl\/index.php?rest_route=\/wp\/v2\/posts\/15362\/revisions\/15363"}],"wp:featuredmedia":[{"embeddable":true,"href":"https:\/\/www.elregional.cl\/index.php?rest_route=\/wp\/v2\/media\/15364"}],"wp:attachment":[{"href":"https:\/\/www.elregional.cl\/index.php?rest_route=%2Fwp%2Fv2%2Fmedia&parent=15362"}],"wp:term":[{"taxonomy":"category","embeddable":true,"href":"https:\/\/www.elregional.cl\/index.php?rest_route=%2Fwp%2Fv2%2Fcategories&post=15362"},{"taxonomy":"post_tag","embeddable":true,"href":"https:\/\/www.elregional.cl\/index.php?rest_route=%2Fwp%2Fv2%2Ftags&post=15362"}],"curies":[{"name":"wp","href":"https:\/\/api.w.org\/{rel}","templated":true}]}}