{"id":15368,"date":"2026-08-30T10:05:58","date_gmt":"2026-08-30T14:05:58","guid":{"rendered":"https:\/\/www.elregional.cl\/?p=15368"},"modified":"2026-08-30T10:05:59","modified_gmt":"2026-08-30T14:05:59","slug":"universidad-de-chile-busca-recuperarse-ante-la-u-de-concepcion","status":"publish","type":"post","link":"https:\/\/www.elregional.cl\/?p=15368","title":{"rendered":"Universidad de Chile busca recuperarse ante la U. de Concepci\u00f3n"},"content":{"rendered":"<h1><\/h1>\n<p>Universidad de Chile intentar\u00e1 dejar atr\u00e1s la derrota sufrida en el Supercl\u00e1sico y recuperar terreno en la Liga de Primera, cuando este domingo visite a Universidad de Concepci\u00f3n en el Estadio Ester Roa Rebolledo.<\/p>\n<p>El encuentro, correspondiente a la fecha 21 del campeonato, est\u00e1 programado para las <strong>15:00 horas<\/strong>. Los azules llegan con 36 puntos en el segundo lugar de la tabla y necesitan sumar de a tres para mantenerse en la pelea por acercarse al l\u00edder Colo Colo, que suma 49 unidades.<\/p>\n<p>El equipo dirigido por <strong>Fernando Gago<\/strong> volver\u00e1 a utilizar un esquema con tres atacantes. La principal novedad ser\u00e1 la presencia desde el inicio de <strong>Ignacio V\u00e1squez<\/strong>, quien ocupar\u00e1 el lugar que dej\u00f3 Lucas Assadi tras su partida al AIK de Suecia.<\/p>\n<p>La formaci\u00f3n de Universidad de Chile ser\u00e1 con <strong>Gabriel Castell\u00f3n; Fabi\u00e1n Hormaz\u00e1bal, Mat\u00edas Zaldivia, Nicol\u00e1s Ram\u00edrez, Marcelo Morales; Lucas Barrera, Charles Ar\u00e1nguiz, Agust\u00edn Arce; Ignacio V\u00e1squez, Maximiliano Guerrero y Eduardo Vargas<\/strong>.<\/p>\n<p>En Universidad de Concepci\u00f3n, la situaci\u00f3n es completamente distinta. El conjunto penquista necesita sumar urgentemente para salir de la parte baja de la clasificaci\u00f3n, luego de acumular <strong>siete partidos consecutivos sin ganar<\/strong>, incluidos cinco derrotas en sus \u00faltimas presentaciones por el torneo.<\/p>\n<p>El Campanil marcha provisionalmente en el pen\u00faltimo lugar con <strong>19 puntos<\/strong>, despu\u00e9s del triunfo conseguido por Cobresal en el inicio de la fecha 21. Una victoria frente a los azules le permitir\u00eda abandonar la zona roja y superar al conjunto minero.<\/p>\n<p>El t\u00e9cnico <strong>Cristi\u00e1n \u00abla Nona\u00bb Mu\u00f1oz<\/strong> prepara una formaci\u00f3n con <strong>Jorge Broun; Jorge Espejo, Osvaldo Gonz\u00e1lez, Basti\u00e1n Ubal, Yerco Otanedel; Bryan Ogaz, Facundo Mater, Jeison Fuentealba, Luis Rojas; Cecilio Waterman y Mart\u00edn Suazo<\/strong>.<\/p>\n<p>El compromiso ser\u00e1 dirigido por el \u00e1rbitro <strong>Diego Flores<\/strong>, mientras que <strong>Jos\u00e9 Cabero<\/strong> estar\u00e1 a cargo del VAR.<\/p>\n","protected":false},"excerpt":{"rendered":"<p>Universidad de Chile intentar\u00e1 dejar atr\u00e1s la derrota sufrida en el Supercl\u00e1sico y recuperar terreno en la Liga de Primera, cuando este domingo visite a Universidad de Concepci\u00f3n en el Estadio Ester Roa Rebolledo. El encuentro, correspondiente a la fecha 21 del campeonato, est\u00e1 programado para las 15:00 horas. Los azules llegan con 36 puntos &hellip;<\/p>\n","protected":false},"author":3,"featured_media":15370,"comment_status":"open","ping_status":"closed","sticky":false,"template":"","format":"standard","meta":{"footnotes":""},"categories":[5],"tags":[],"class_list":["post-15368","post","type-post","status-publish","format-standard","has-post-thumbnail","hentry","category-deportes"],"_links":{"self":[{"href":"https:\/\/www.elregional.cl\/index.php?rest_route=\/wp\/v2\/posts\/15368","targetHints":{"allow":["GET"]}}],"collection":[{"href":"https:\/\/www.elregional.cl\/index.php?rest_route=\/wp\/v2\/posts"}],"about":[{"href":"https:\/\/www.elregional.cl\/index.php?rest_route=\/wp\/v2\/types\/post"}],"author":[{"embeddable":true,"href":"https:\/\/www.elregional.cl\/index.php?rest_route=\/wp\/v2\/users\/3"}],"replies":[{"embeddable":true,"href":"https:\/\/www.elregional.cl\/index.php?rest_route=%2Fwp%2Fv2%2Fcomments&post=15368"}],"version-history":[{"count":1,"href":"https:\/\/www.elregional.cl\/index.php?rest_route=\/wp\/v2\/posts\/15368\/revisions"}],"predecessor-version":[{"id":15369,"href":"https:\/\/www.elregional.cl\/index.php?rest_route=\/wp\/v2\/posts\/15368\/revisions\/15369"}],"wp:featuredmedia":[{"embeddable":true,"href":"https:\/\/www.elregional.cl\/index.php?rest_route=\/wp\/v2\/media\/15370"}],"wp:attachment":[{"href":"https:\/\/www.elregional.cl\/index.php?rest_route=%2Fwp%2Fv2%2Fmedia&parent=15368"}],"wp:term":[{"taxonomy":"category","embeddable":true,"href":"https:\/\/www.elregional.cl\/index.php?rest_route=%2Fwp%2Fv2%2Fcategories&post=15368"},{"taxonomy":"post_tag","embeddable":true,"href":"https:\/\/www.elregional.cl\/index.php?rest_route=%2Fwp%2Fv2%2Ftags&post=15368"}],"curies":[{"name":"wp","href":"https:\/\/api.w.org\/{rel}","templated":true}]}}