{"id":15371,"date":"2026-08-30T10:07:10","date_gmt":"2026-08-30T14:07:10","guid":{"rendered":"https:\/\/www.elregional.cl\/?p=15371"},"modified":"2026-08-30T10:07:11","modified_gmt":"2026-08-30T14:07:11","slug":"colo-colo-defiende-el-liderato-ante-un-audax-italiano-necesitado","status":"publish","type":"post","link":"https:\/\/www.elregional.cl\/?p=15371","title":{"rendered":"Colo Colo defiende el liderato ante un Audax Italiano necesitado"},"content":{"rendered":"<h1><\/h1>\n<p>Colo Colo buscar\u00e1 prolongar su buen momento y dar otro paso hacia el t\u00edtulo de la Liga de Primera cuando este domingo reciba a Audax Italiano en el Estadio Monumental, por la fecha 21 del campeonato.<\/p>\n<p>El conjunto albo llega como exclusivo l\u00edder con <strong>13 puntos de ventaja sobre Universidad de Chile<\/strong> y mantiene una extensa racha sin derrotas. En el torneo nacional acumula 11 partidos invicto, mientras que considerando todas las competencias y un amistoso de intertemporada, registra ocho encuentros consecutivos sin perder.<\/p>\n<p>El equipo dirigido por <strong>Fernando Ortiz<\/strong> llega adem\u00e1s con el impulso de haber derrotado por 2-1 a Universidad de Chile en el Supercl\u00e1sico 200. A mitad de semana, Colo Colo tambi\u00e9n super\u00f3 por 3-0 a Uni\u00f3n Espa\u00f1ola en Copa Chile, utilizando una formaci\u00f3n alternativa.<\/p>\n<p>En la previa, Ortiz anticip\u00f3 un encuentro exigente y asegur\u00f3 que el equipo mantendr\u00e1 la misma disposici\u00f3n mostrada en sus \u00faltimos compromisos, sin subestimar al rival.<\/p>\n<p>El t\u00e9cnico albo pretende repetir la formaci\u00f3n que se impuso ante Universidad de Chile, con <strong>Gabriel Maureira; Jonathan Villagra, Arturo Vidal, Joaqu\u00edn Sosa; Jeyson Rojas, V\u00edctor Felipe M\u00e9ndez, \u00c1lvaro Madrid, Diego Ulloa; Leandro Hern\u00e1ndez, Javier Correa y Lautaro Pastr\u00e1n<\/strong>.<\/p>\n<p>Audax Italiano, en tanto, llega con una realidad completamente diferente. El cuadro de La Florida ocupa el <strong>13\u00b0 lugar con 22 puntos<\/strong>, apenas tres unidades por encima de la zona de descenso, y acumula tres empates consecutivos en el campeonato.<\/p>\n<p>Los it\u00e1licos vienen de igualar sin goles ante el colista Uni\u00f3n La Calera, resultado que se sum\u00f3 a los empates frente a \u00d1ublense, por 2-2, y Everton, por 1-1.<\/p>\n<p>El t\u00e9cnico <strong>Patricio Graff<\/strong> reconoci\u00f3 la dificultad de enfrentar al l\u00edder en su estadio, pero asegur\u00f3 que su equipo buscar\u00e1 los tres puntos y aprovechar\u00e1 las oportunidades que genere.<\/p>\n<p>Para Audax, el objetivo inmediato es alejarse de la zona de descenso y asegurar la permanencia en Primera Divisi\u00f3n. Posteriormente, el club espera tener la posibilidad de luchar por un cupo en una competencia internacional.<\/p>\n<p>El partido entre Colo Colo y Audax Italiano comenzar\u00e1 a las <strong>17:30 horas<\/strong> y ser\u00e1 dirigido por el \u00e1rbitro <strong>Franco Jim\u00e9nez<\/strong>.<\/p>\n","protected":false},"excerpt":{"rendered":"<p>Colo Colo buscar\u00e1 prolongar su buen momento y dar otro paso hacia el t\u00edtulo de la Liga de Primera cuando este domingo reciba a Audax Italiano en el Estadio Monumental, por la fecha 21 del campeonato. El conjunto albo llega como exclusivo l\u00edder con 13 puntos de ventaja sobre Universidad de Chile y mantiene una &hellip;<\/p>\n","protected":false},"author":3,"featured_media":15373,"comment_status":"open","ping_status":"closed","sticky":false,"template":"","format":"standard","meta":{"footnotes":""},"categories":[5],"tags":[],"class_list":["post-15371","post","type-post","status-publish","format-standard","has-post-thumbnail","hentry","category-deportes"],"_links":{"self":[{"href":"https:\/\/www.elregional.cl\/index.php?rest_route=\/wp\/v2\/posts\/15371","targetHints":{"allow":["GET"]}}],"collection":[{"href":"https:\/\/www.elregional.cl\/index.php?rest_route=\/wp\/v2\/posts"}],"about":[{"href":"https:\/\/www.elregional.cl\/index.php?rest_route=\/wp\/v2\/types\/post"}],"author":[{"embeddable":true,"href":"https:\/\/www.elregional.cl\/index.php?rest_route=\/wp\/v2\/users\/3"}],"replies":[{"embeddable":true,"href":"https:\/\/www.elregional.cl\/index.php?rest_route=%2Fwp%2Fv2%2Fcomments&post=15371"}],"version-history":[{"count":1,"href":"https:\/\/www.elregional.cl\/index.php?rest_route=\/wp\/v2\/posts\/15371\/revisions"}],"predecessor-version":[{"id":15372,"href":"https:\/\/www.elregional.cl\/index.php?rest_route=\/wp\/v2\/posts\/15371\/revisions\/15372"}],"wp:featuredmedia":[{"embeddable":true,"href":"https:\/\/www.elregional.cl\/index.php?rest_route=\/wp\/v2\/media\/15373"}],"wp:attachment":[{"href":"https:\/\/www.elregional.cl\/index.php?rest_route=%2Fwp%2Fv2%2Fmedia&parent=15371"}],"wp:term":[{"taxonomy":"category","embeddable":true,"href":"https:\/\/www.elregional.cl\/index.php?rest_route=%2Fwp%2Fv2%2Fcategories&post=15371"},{"taxonomy":"post_tag","embeddable":true,"href":"https:\/\/www.elregional.cl\/index.php?rest_route=%2Fwp%2Fv2%2Ftags&post=15371"}],"curies":[{"name":"wp","href":"https:\/\/api.w.org\/{rel}","templated":true}]}}