{"id":15374,"date":"2026-08-30T13:02:49","date_gmt":"2026-08-30T17:02:49","guid":{"rendered":"https:\/\/www.elregional.cl\/?p=15374"},"modified":"2026-08-30T13:02:50","modified_gmt":"2026-08-30T17:02:50","slug":"sismo-de-magnitud-51-se-percibe-en-arica-y-tarapaca","status":"publish","type":"post","link":"https:\/\/www.elregional.cl\/?p=15374","title":{"rendered":"Sismo de magnitud 5,1 se percibe en Arica y Tarapac\u00e1"},"content":{"rendered":"<h1><\/h1>\n<p>Un sismo de <strong>magnitud 5,1<\/strong> se registr\u00f3 este domingo al mediod\u00eda en el extremo norte del pa\u00eds, siendo percibido en distintas localidades de las regiones de <strong>Arica y Parinacota y Tarapac\u00e1<\/strong>.<\/p>\n<p>El movimiento tel\u00farico ocurri\u00f3 a las <strong>12:04 horas<\/strong> y tuvo su epicentro a <strong>22 kil\u00f3metros al suroeste de Putre<\/strong>, con una profundidad de 108 kil\u00f3metros.<\/p>\n<p>De acuerdo con los reportes de intensidad en la escala de Mercalli, el sismo alcanz\u00f3 <strong>III grados en Arica, Codpa, Pocon Chile, San Miguel de Azapa y Putre<\/strong>, mientras que en Cuya fue de II grados.<\/p>\n<p>En la Regi\u00f3n de Tarapac\u00e1, en tanto, se registr\u00f3 una intensidad de <strong>III grados en Iquique, Alto Hospicio y Cami\u00f1a<\/strong>.<\/p>\n<p>El Sistema Nacional de Prevenci\u00f3n y Respuesta ante Desastres mantiene el monitoreo de la situaci\u00f3n y la evaluaci\u00f3n de posibles afectaciones a personas, infraestructura y servicios b\u00e1sicos.<\/p>\n<p>Hasta el momento, <strong>no se han reportado personas afectadas, da\u00f1os estructurales ni alteraciones en los servicios b\u00e1sicos<\/strong> producto del movimiento tel\u00farico.<\/p>\n","protected":false},"excerpt":{"rendered":"<p>Un sismo de magnitud 5,1 se registr\u00f3 este domingo al mediod\u00eda en el extremo norte del pa\u00eds, siendo percibido en distintas localidades de las regiones de Arica y Parinacota y Tarapac\u00e1. El movimiento tel\u00farico ocurri\u00f3 a las 12:04 horas y tuvo su epicentro a 22 kil\u00f3metros al suroeste de Putre, con una profundidad de 108 &hellip;<\/p>\n","protected":false},"author":3,"featured_media":15376,"comment_status":"open","ping_status":"closed","sticky":false,"template":"","format":"standard","meta":{"footnotes":""},"categories":[3],"tags":[],"class_list":["post-15374","post","type-post","status-publish","format-standard","has-post-thumbnail","hentry","category-pais"],"_links":{"self":[{"href":"https:\/\/www.elregional.cl\/index.php?rest_route=\/wp\/v2\/posts\/15374","targetHints":{"allow":["GET"]}}],"collection":[{"href":"https:\/\/www.elregional.cl\/index.php?rest_route=\/wp\/v2\/posts"}],"about":[{"href":"https:\/\/www.elregional.cl\/index.php?rest_route=\/wp\/v2\/types\/post"}],"author":[{"embeddable":true,"href":"https:\/\/www.elregional.cl\/index.php?rest_route=\/wp\/v2\/users\/3"}],"replies":[{"embeddable":true,"href":"https:\/\/www.elregional.cl\/index.php?rest_route=%2Fwp%2Fv2%2Fcomments&post=15374"}],"version-history":[{"count":1,"href":"https:\/\/www.elregional.cl\/index.php?rest_route=\/wp\/v2\/posts\/15374\/revisions"}],"predecessor-version":[{"id":15375,"href":"https:\/\/www.elregional.cl\/index.php?rest_route=\/wp\/v2\/posts\/15374\/revisions\/15375"}],"wp:featuredmedia":[{"embeddable":true,"href":"https:\/\/www.elregional.cl\/index.php?rest_route=\/wp\/v2\/media\/15376"}],"wp:attachment":[{"href":"https:\/\/www.elregional.cl\/index.php?rest_route=%2Fwp%2Fv2%2Fmedia&parent=15374"}],"wp:term":[{"taxonomy":"category","embeddable":true,"href":"https:\/\/www.elregional.cl\/index.php?rest_route=%2Fwp%2Fv2%2Fcategories&post=15374"},{"taxonomy":"post_tag","embeddable":true,"href":"https:\/\/www.elregional.cl\/index.php?rest_route=%2Fwp%2Fv2%2Ftags&post=15374"}],"curies":[{"name":"wp","href":"https:\/\/api.w.org\/{rel}","templated":true}]}}