{"id":15401,"date":"2026-08-30T15:44:40","date_gmt":"2026-08-30T19:44:40","guid":{"rendered":"https:\/\/www.elregional.cl\/?p=15401"},"modified":"2026-08-30T15:44:40","modified_gmt":"2026-08-30T19:44:40","slug":"jorge-sampaoli-deja-talleres-tras-solo-siete-partidos-y-cuatro-derrotas","status":"publish","type":"post","link":"https:\/\/www.elregional.cl\/?p=15401","title":{"rendered":"Jorge Sampaoli deja Talleres tras solo siete partidos y cuatro derrotas"},"content":{"rendered":"<p>Jorge Sampaoli dej\u00f3 este domingo de ser el director t\u00e9cnico de <strong>Talleres de C\u00f3rdoba<\/strong>, poniendo fin a un breve ciclo que estuvo marcado por los malos resultados en el Torneo Clausura argentino.<\/p>\n<p>La salida del entrenador fue oficializada por el club luego del empate sin goles frente a Central C\u00f3rdoba, resultado que mantuvo al equipo en el \u00faltimo lugar de la Zona A, con apenas <strong>cinco puntos en siete fechas<\/strong>.<\/p>\n<p>El exentrenador de la selecci\u00f3n chilena tuvo un registro de <strong>una victoria, dos empates y cuatro derrotas<\/strong> durante su paso por el conjunto cordob\u00e9s, rendimiento que qued\u00f3 por debajo de las expectativas que exist\u00edan al momento de su llegada.<\/p>\n<p>Talleres comunic\u00f3 el t\u00e9rmino del v\u00ednculo y destac\u00f3 el profesionalismo de Sampaoli y su cuerpo t\u00e9cnico, adem\u00e1s del trabajo desarrollado con los jugadores durante este corto per\u00edodo.<\/p>\n<p>La salida se produjo de com\u00fan acuerdo entre las partes, poniendo t\u00e9rmino anticipado a un contrato que inicialmente contemplaba una permanencia m\u00e1s extensa en la instituci\u00f3n.<\/p>\n<p>Ahora, Talleres deber\u00e1 definir a su nuevo entrenador para intentar revertir su situaci\u00f3n en el campeonato y abandonar el \u00faltimo puesto de su grupo.<\/p>\n<p>El conjunto cordob\u00e9s buscar\u00e1 recuperar terreno en las pr\u00f3ximas fechas, mientras la dirigencia trabaja en la definici\u00f3n de la nueva conducci\u00f3n t\u00e9cnica del plantel profesional.<\/p>\n","protected":false},"excerpt":{"rendered":"<p>Jorge Sampaoli dej\u00f3 este domingo de ser el director t\u00e9cnico de Talleres de C\u00f3rdoba, poniendo fin a un breve ciclo que estuvo marcado por los malos resultados en el Torneo Clausura argentino. La salida del entrenador fue oficializada por el club luego del empate sin goles frente a Central C\u00f3rdoba, resultado que mantuvo al equipo &hellip;<\/p>\n","protected":false},"author":3,"featured_media":15403,"comment_status":"open","ping_status":"closed","sticky":false,"template":"","format":"standard","meta":{"footnotes":""},"categories":[5],"tags":[],"class_list":["post-15401","post","type-post","status-publish","format-standard","has-post-thumbnail","hentry","category-deportes"],"_links":{"self":[{"href":"https:\/\/www.elregional.cl\/index.php?rest_route=\/wp\/v2\/posts\/15401","targetHints":{"allow":["GET"]}}],"collection":[{"href":"https:\/\/www.elregional.cl\/index.php?rest_route=\/wp\/v2\/posts"}],"about":[{"href":"https:\/\/www.elregional.cl\/index.php?rest_route=\/wp\/v2\/types\/post"}],"author":[{"embeddable":true,"href":"https:\/\/www.elregional.cl\/index.php?rest_route=\/wp\/v2\/users\/3"}],"replies":[{"embeddable":true,"href":"https:\/\/www.elregional.cl\/index.php?rest_route=%2Fwp%2Fv2%2Fcomments&post=15401"}],"version-history":[{"count":1,"href":"https:\/\/www.elregional.cl\/index.php?rest_route=\/wp\/v2\/posts\/15401\/revisions"}],"predecessor-version":[{"id":15402,"href":"https:\/\/www.elregional.cl\/index.php?rest_route=\/wp\/v2\/posts\/15401\/revisions\/15402"}],"wp:featuredmedia":[{"embeddable":true,"href":"https:\/\/www.elregional.cl\/index.php?rest_route=\/wp\/v2\/media\/15403"}],"wp:attachment":[{"href":"https:\/\/www.elregional.cl\/index.php?rest_route=%2Fwp%2Fv2%2Fmedia&parent=15401"}],"wp:term":[{"taxonomy":"category","embeddable":true,"href":"https:\/\/www.elregional.cl\/index.php?rest_route=%2Fwp%2Fv2%2Fcategories&post=15401"},{"taxonomy":"post_tag","embeddable":true,"href":"https:\/\/www.elregional.cl\/index.php?rest_route=%2Fwp%2Fv2%2Ftags&post=15401"}],"curies":[{"name":"wp","href":"https:\/\/api.w.org\/{rel}","templated":true}]}}