{"id":15404,"date":"2026-08-30T15:49:51","date_gmt":"2026-08-30T19:49:51","guid":{"rendered":"https:\/\/www.elregional.cl\/?p=15404"},"modified":"2026-08-30T15:49:52","modified_gmt":"2026-08-30T19:49:52","slug":"encuesta-criteria-registra-33-de-aprobacion-para-el-presidente-kast","status":"publish","type":"post","link":"https:\/\/www.elregional.cl\/?p=15404","title":{"rendered":"Encuesta Criteria registra 33% de aprobaci\u00f3n para el Presidente Kast"},"content":{"rendered":"<h1><\/h1>\n<p>La m\u00e1s reciente Encuesta Criteria dio a conocer este domingo sus resultados, registrando un <strong>33% de aprobaci\u00f3n para el Presidente Jos\u00e9 Antonio Kast<\/strong>, mientras que un <strong>55% manifest\u00f3 desaprobar su gesti\u00f3n<\/strong>.<\/p>\n<p>En materia de seguridad, uno de los principales temas de contingencia, el <strong>42% de los encuestados considera que el Gobierno no tiene un plan claro y que est\u00e1 improvisando<\/strong>. En tanto, un 30% estima que la administraci\u00f3n cuenta con algunas ideas, pero sin una estrategia definida, mientras que un 19% considera que s\u00ed existe un plan claro.<\/p>\n<p>Respecto de la posibilidad de establecer un nuevo <strong>estado de excepci\u00f3n constitucional<\/strong>, un 49% manifest\u00f3 estar en desacuerdo con la medida, frente a un 40% que la respalda.<\/p>\n<p>La encuesta tambi\u00e9n consult\u00f3 por eventuales modificaciones a la Constituci\u00f3n destinadas a fortalecer las herramientas de seguridad. En este punto, un <strong>53% se mostr\u00f3 favorable a realizar cambios<\/strong>, mientras que un 36% manifest\u00f3 su rechazo.<\/p>\n<p>Otro de los aspectos abordados fue la forma en que el Estado deber\u00eda enfrentar los delitos vinculados al crimen organizado y el terrorismo. Un <strong>74% considera que debe priorizarse el castigo por sobre la reinserci\u00f3n<\/strong> en estos casos.<\/p>\n<p>En relaci\u00f3n con los derechos y beneficios de las personas condenadas por este tipo de delitos, un <strong>51% considera que se debe garantizar su acceso a la salud<\/strong>, mientras que un 49% estima que la gravedad de los delitos cometidos justificar\u00eda revocar este beneficio.<\/p>\n","protected":false},"excerpt":{"rendered":"<p>La m\u00e1s reciente Encuesta Criteria dio a conocer este domingo sus resultados, registrando un 33% de aprobaci\u00f3n para el Presidente Jos\u00e9 Antonio Kast, mientras que un 55% manifest\u00f3 desaprobar su gesti\u00f3n. En materia de seguridad, uno de los principales temas de contingencia, el 42% de los encuestados considera que el Gobierno no tiene un plan &hellip;<\/p>\n","protected":false},"author":3,"featured_media":15406,"comment_status":"open","ping_status":"closed","sticky":false,"template":"","format":"standard","meta":{"footnotes":""},"categories":[3],"tags":[],"class_list":["post-15404","post","type-post","status-publish","format-standard","has-post-thumbnail","hentry","category-pais"],"_links":{"self":[{"href":"https:\/\/www.elregional.cl\/index.php?rest_route=\/wp\/v2\/posts\/15404","targetHints":{"allow":["GET"]}}],"collection":[{"href":"https:\/\/www.elregional.cl\/index.php?rest_route=\/wp\/v2\/posts"}],"about":[{"href":"https:\/\/www.elregional.cl\/index.php?rest_route=\/wp\/v2\/types\/post"}],"author":[{"embeddable":true,"href":"https:\/\/www.elregional.cl\/index.php?rest_route=\/wp\/v2\/users\/3"}],"replies":[{"embeddable":true,"href":"https:\/\/www.elregional.cl\/index.php?rest_route=%2Fwp%2Fv2%2Fcomments&post=15404"}],"version-history":[{"count":1,"href":"https:\/\/www.elregional.cl\/index.php?rest_route=\/wp\/v2\/posts\/15404\/revisions"}],"predecessor-version":[{"id":15405,"href":"https:\/\/www.elregional.cl\/index.php?rest_route=\/wp\/v2\/posts\/15404\/revisions\/15405"}],"wp:featuredmedia":[{"embeddable":true,"href":"https:\/\/www.elregional.cl\/index.php?rest_route=\/wp\/v2\/media\/15406"}],"wp:attachment":[{"href":"https:\/\/www.elregional.cl\/index.php?rest_route=%2Fwp%2Fv2%2Fmedia&parent=15404"}],"wp:term":[{"taxonomy":"category","embeddable":true,"href":"https:\/\/www.elregional.cl\/index.php?rest_route=%2Fwp%2Fv2%2Fcategories&post=15404"},{"taxonomy":"post_tag","embeddable":true,"href":"https:\/\/www.elregional.cl\/index.php?rest_route=%2Fwp%2Fv2%2Ftags&post=15404"}],"curies":[{"name":"wp","href":"https:\/\/api.w.org\/{rel}","templated":true}]}}