{"id":15410,"date":"2026-08-30T16:09:59","date_gmt":"2026-08-30T20:09:59","guid":{"rendered":"https:\/\/www.elregional.cl\/?p=15410"},"modified":"2026-08-30T16:10:00","modified_gmt":"2026-08-30T20:10:00","slug":"minsal-llama-a-reforzar-cuidados-de-bebes-ante-circulacion-de-virus-respiratorios","status":"publish","type":"post","link":"https:\/\/www.elregional.cl\/?p=15410","title":{"rendered":"Minsal llama a reforzar cuidados de beb\u00e9s ante circulaci\u00f3n de virus respiratorios"},"content":{"rendered":"<p>El Ministerio de Salud realiz\u00f3 un llamado a las familias a <strong>prestar especial atenci\u00f3n a los signos y s\u00edntomas que puedan presentar los beb\u00e9s<\/strong>, ante la alta circulaci\u00f3n de virus respiratorios registrada durante esta temporada.<\/p>\n<p>Desde la cartera enfatizaron la importancia de adoptar medidas preventivas para reducir el riesgo de enfermedades respiratorias en los ni\u00f1os, entre ellas mantener sus vacunas al d\u00eda, evitar lugares con aglomeraciones y procurar que no tengan contacto con personas que presenten s\u00edntomas.<\/p>\n<p>El Minsal tambi\u00e9n record\u00f3 que existen determinadas se\u00f1ales que pueden indicar que un beb\u00e9 enfrenta un cuadro de mayor gravedad y requiere atenci\u00f3n m\u00e9dica.<\/p>\n<p>Entre los principales signos de alerta se encuentran <strong>respiraci\u00f3n agitada, silbidos en el pecho, apertura excesiva de los orificios de la nariz al respirar, hundimiento de las costillas y coloraci\u00f3n azulada de los labios<\/strong>.<\/p>\n<p>Ante la presencia de uno o m\u00e1s de estos s\u00edntomas, el llamado de las autoridades es a <strong>acudir de inmediato al centro de salud m\u00e1s cercano<\/strong>, sin esperar a que el cuadro evolucione.<\/p>\n<p>El Ministerio de Salud reiter\u00f3 que la prevenci\u00f3n y la detecci\u00f3n oportuna de estos signos son fundamentales para proteger a los beb\u00e9s frente a las enfermedades respiratorias y evitar complicaciones.<\/p>\n","protected":false},"excerpt":{"rendered":"<p>El Ministerio de Salud realiz\u00f3 un llamado a las familias a prestar especial atenci\u00f3n a los signos y s\u00edntomas que puedan presentar los beb\u00e9s, ante la alta circulaci\u00f3n de virus respiratorios registrada durante esta temporada. Desde la cartera enfatizaron la importancia de adoptar medidas preventivas para reducir el riesgo de enfermedades respiratorias en los ni\u00f1os, &hellip;<\/p>\n","protected":false},"author":3,"featured_media":15412,"comment_status":"open","ping_status":"closed","sticky":false,"template":"","format":"standard","meta":{"footnotes":""},"categories":[3],"tags":[],"class_list":["post-15410","post","type-post","status-publish","format-standard","has-post-thumbnail","hentry","category-pais"],"_links":{"self":[{"href":"https:\/\/www.elregional.cl\/index.php?rest_route=\/wp\/v2\/posts\/15410","targetHints":{"allow":["GET"]}}],"collection":[{"href":"https:\/\/www.elregional.cl\/index.php?rest_route=\/wp\/v2\/posts"}],"about":[{"href":"https:\/\/www.elregional.cl\/index.php?rest_route=\/wp\/v2\/types\/post"}],"author":[{"embeddable":true,"href":"https:\/\/www.elregional.cl\/index.php?rest_route=\/wp\/v2\/users\/3"}],"replies":[{"embeddable":true,"href":"https:\/\/www.elregional.cl\/index.php?rest_route=%2Fwp%2Fv2%2Fcomments&post=15410"}],"version-history":[{"count":1,"href":"https:\/\/www.elregional.cl\/index.php?rest_route=\/wp\/v2\/posts\/15410\/revisions"}],"predecessor-version":[{"id":15411,"href":"https:\/\/www.elregional.cl\/index.php?rest_route=\/wp\/v2\/posts\/15410\/revisions\/15411"}],"wp:featuredmedia":[{"embeddable":true,"href":"https:\/\/www.elregional.cl\/index.php?rest_route=\/wp\/v2\/media\/15412"}],"wp:attachment":[{"href":"https:\/\/www.elregional.cl\/index.php?rest_route=%2Fwp%2Fv2%2Fmedia&parent=15410"}],"wp:term":[{"taxonomy":"category","embeddable":true,"href":"https:\/\/www.elregional.cl\/index.php?rest_route=%2Fwp%2Fv2%2Fcategories&post=15410"},{"taxonomy":"post_tag","embeddable":true,"href":"https:\/\/www.elregional.cl\/index.php?rest_route=%2Fwp%2Fv2%2Ftags&post=15410"}],"curies":[{"name":"wp","href":"https:\/\/api.w.org\/{rel}","templated":true}]}}