{"id":15416,"date":"2026-08-30T17:35:19","date_gmt":"2026-08-30T21:35:19","guid":{"rendered":"https:\/\/www.elregional.cl\/?p=15416"},"modified":"2026-08-30T17:35:19","modified_gmt":"2026-08-30T21:35:19","slug":"gendarmeria-frustra-intento-de-fuga-en-carcel-de-la-serena","status":"publish","type":"post","link":"https:\/\/www.elregional.cl\/?p=15416","title":{"rendered":"Gendarmer\u00eda frustra intento de fuga en c\u00e1rcel de La Serena"},"content":{"rendered":"<h1><\/h1>\n<p>Gendarmer\u00eda frustr\u00f3 un <strong>intento de fuga en el Complejo Penitenciario de La Serena<\/strong>, luego de detectar indicios de una eventual planificaci\u00f3n que involucrar\u00eda a tres imputados.<\/p>\n<p>El hecho qued\u00f3 al descubierto durante la tarde del s\u00e1bado, tras labores de <strong>inteligencia penitenciaria<\/strong> que alertaron sobre una posible fuga desde uno de los m\u00f3dulos del recinto.<\/p>\n<p>De acuerdo con Gendarmer\u00eda, personal operativo detect\u00f3 el <strong>corte de la malla de seguridad<\/strong> en uno de los sectores que alberga a internos considerados de alto compromiso delictual.<\/p>\n<p>Tras el hallazgo, se activ\u00f3 de inmediato un procedimiento de <strong>registro y allanamiento<\/strong>, que permiti\u00f3 incautar elementos prohibidos dentro del establecimiento e identificar a los internos presuntamente involucrados en la planificaci\u00f3n.<\/p>\n<p>Como medida de seguridad, los tres imputados fueron <strong>trasladados al m\u00f3dulo de m\u00e1xima seguridad<\/strong> del complejo penitenciario.<\/p>\n<p>Gendarmer\u00eda destac\u00f3 el trabajo coordinado y la reacci\u00f3n del personal operativo, se\u00f1alando que este tipo de procedimientos permite reforzar las medidas de seguridad al interior de los recintos penitenciarios y contribuir a la seguridad p\u00fablica.<\/p>\n","protected":false},"excerpt":{"rendered":"<p>Gendarmer\u00eda frustr\u00f3 un intento de fuga en el Complejo Penitenciario de La Serena, luego de detectar indicios de una eventual planificaci\u00f3n que involucrar\u00eda a tres imputados. El hecho qued\u00f3 al descubierto durante la tarde del s\u00e1bado, tras labores de inteligencia penitenciaria que alertaron sobre una posible fuga desde uno de los m\u00f3dulos del recinto. De &hellip;<\/p>\n","protected":false},"author":3,"featured_media":15418,"comment_status":"open","ping_status":"closed","sticky":false,"template":"","format":"standard","meta":{"footnotes":""},"categories":[2],"tags":[],"class_list":["post-15416","post","type-post","status-publish","format-standard","has-post-thumbnail","hentry","category-regionales"],"_links":{"self":[{"href":"https:\/\/www.elregional.cl\/index.php?rest_route=\/wp\/v2\/posts\/15416","targetHints":{"allow":["GET"]}}],"collection":[{"href":"https:\/\/www.elregional.cl\/index.php?rest_route=\/wp\/v2\/posts"}],"about":[{"href":"https:\/\/www.elregional.cl\/index.php?rest_route=\/wp\/v2\/types\/post"}],"author":[{"embeddable":true,"href":"https:\/\/www.elregional.cl\/index.php?rest_route=\/wp\/v2\/users\/3"}],"replies":[{"embeddable":true,"href":"https:\/\/www.elregional.cl\/index.php?rest_route=%2Fwp%2Fv2%2Fcomments&post=15416"}],"version-history":[{"count":1,"href":"https:\/\/www.elregional.cl\/index.php?rest_route=\/wp\/v2\/posts\/15416\/revisions"}],"predecessor-version":[{"id":15417,"href":"https:\/\/www.elregional.cl\/index.php?rest_route=\/wp\/v2\/posts\/15416\/revisions\/15417"}],"wp:featuredmedia":[{"embeddable":true,"href":"https:\/\/www.elregional.cl\/index.php?rest_route=\/wp\/v2\/media\/15418"}],"wp:attachment":[{"href":"https:\/\/www.elregional.cl\/index.php?rest_route=%2Fwp%2Fv2%2Fmedia&parent=15416"}],"wp:term":[{"taxonomy":"category","embeddable":true,"href":"https:\/\/www.elregional.cl\/index.php?rest_route=%2Fwp%2Fv2%2Fcategories&post=15416"},{"taxonomy":"post_tag","embeddable":true,"href":"https:\/\/www.elregional.cl\/index.php?rest_route=%2Fwp%2Fv2%2Ftags&post=15416"}],"curies":[{"name":"wp","href":"https:\/\/api.w.org\/{rel}","templated":true}]}}