{"id":15422,"date":"2026-08-30T18:30:13","date_gmt":"2026-08-30T22:30:13","guid":{"rendered":"https:\/\/www.elregional.cl\/?p=15422"},"modified":"2026-08-30T18:30:16","modified_gmt":"2026-08-30T22:30:16","slug":"denuncia-anonima-permitio-detectar-matadero-clandestino-en-freirina","status":"publish","type":"post","link":"https:\/\/www.elregional.cl\/?p=15422","title":{"rendered":"Denuncia an\u00f3nima permiti\u00f3 detectar matadero clandestino en Freirina"},"content":{"rendered":"<h1><\/h1>\n<p>Una denuncia an\u00f3nima realizada al nivel <strong>133<\/strong> permiti\u00f3 a Carabineros detectar y desarticular un <strong>matadero clandestino<\/strong> que funcionaba al interior de un inmueble en la comuna de Freirina.<\/p>\n<p>El procedimiento fue desarrollado por personal de la <strong>Tenencia Freirina<\/strong>, luego de recibir antecedentes sobre la actividad que se estar\u00eda realizando en el lugar. Al ingresar al inmueble, los funcionarios encontraron a un hombre de 34 a\u00f1os, identificado con las iniciales <strong>F.C.N.B.<\/strong>, junto a un caballar que hab\u00eda sido faenado.<\/p>\n<p>Durante el operativo, Carabineros incaut\u00f3 <strong>cuchillos tipo carnicero y una sierra manual<\/strong>, elementos que habr\u00edan sido utilizados para realizar el faenamiento del animal.<\/p>\n<p>Al procedimiento tambi\u00e9n concurri\u00f3 personal de la <strong>Seremi de Salud<\/strong>, que realiz\u00f3 una inspecci\u00f3n y decomis\u00f3 aproximadamente <strong>100 kilos de carne equina<\/strong>, debido a que el producto no contaba con las condiciones sanitarias exigidas para su consumo.<\/p>\n<p>El hombre detenido, quien registra antecedentes penales cancelados, qued\u00f3 a disposici\u00f3n del <strong>Ministerio P\u00fablico<\/strong> para enfrentar el respectivo control de detenci\u00f3n.<\/p>\n<p>Desde Carabineros destacaron la importancia de la denuncia ciudadana, se\u00f1alando que este tipo de informaci\u00f3n permite activar oportunamente los procedimientos policiales y fortalecer las labores preventivas y de seguridad en las distintas comunas de la regi\u00f3n.<\/p>\n","protected":false},"excerpt":{"rendered":"<p>Una denuncia an\u00f3nima realizada al nivel 133 permiti\u00f3 a Carabineros detectar y desarticular un matadero clandestino que funcionaba al interior de un inmueble en la comuna de Freirina. El procedimiento fue desarrollado por personal de la Tenencia Freirina, luego de recibir antecedentes sobre la actividad que se estar\u00eda realizando en el lugar. Al ingresar al &hellip;<\/p>\n","protected":false},"author":3,"featured_media":15424,"comment_status":"open","ping_status":"closed","sticky":false,"template":"","format":"standard","meta":{"footnotes":""},"categories":[16],"tags":[],"class_list":["post-15422","post","type-post","status-publish","format-standard","has-post-thumbnail","hentry","category-atacama"],"_links":{"self":[{"href":"https:\/\/www.elregional.cl\/index.php?rest_route=\/wp\/v2\/posts\/15422","targetHints":{"allow":["GET"]}}],"collection":[{"href":"https:\/\/www.elregional.cl\/index.php?rest_route=\/wp\/v2\/posts"}],"about":[{"href":"https:\/\/www.elregional.cl\/index.php?rest_route=\/wp\/v2\/types\/post"}],"author":[{"embeddable":true,"href":"https:\/\/www.elregional.cl\/index.php?rest_route=\/wp\/v2\/users\/3"}],"replies":[{"embeddable":true,"href":"https:\/\/www.elregional.cl\/index.php?rest_route=%2Fwp%2Fv2%2Fcomments&post=15422"}],"version-history":[{"count":1,"href":"https:\/\/www.elregional.cl\/index.php?rest_route=\/wp\/v2\/posts\/15422\/revisions"}],"predecessor-version":[{"id":15423,"href":"https:\/\/www.elregional.cl\/index.php?rest_route=\/wp\/v2\/posts\/15422\/revisions\/15423"}],"wp:featuredmedia":[{"embeddable":true,"href":"https:\/\/www.elregional.cl\/index.php?rest_route=\/wp\/v2\/media\/15424"}],"wp:attachment":[{"href":"https:\/\/www.elregional.cl\/index.php?rest_route=%2Fwp%2Fv2%2Fmedia&parent=15422"}],"wp:term":[{"taxonomy":"category","embeddable":true,"href":"https:\/\/www.elregional.cl\/index.php?rest_route=%2Fwp%2Fv2%2Fcategories&post=15422"},{"taxonomy":"post_tag","embeddable":true,"href":"https:\/\/www.elregional.cl\/index.php?rest_route=%2Fwp%2Fv2%2Ftags&post=15422"}],"curies":[{"name":"wp","href":"https:\/\/api.w.org\/{rel}","templated":true}]}}