{"id":15431,"date":"2026-08-30T19:37:41","date_gmt":"2026-08-30T23:37:41","guid":{"rendered":"https:\/\/www.elregional.cl\/?p=15431"},"modified":"2026-08-30T19:37:42","modified_gmt":"2026-08-30T23:37:42","slug":"colo-colo-golea-a-audax-y-se-escapa-en-la-cima-del-torneo","status":"publish","type":"post","link":"https:\/\/www.elregional.cl\/?p=15431","title":{"rendered":"Colo Colo golea a Audax y se escapa en la cima del torneo"},"content":{"rendered":"<p>Colo Colo tuvo una contundente jornada en el Estadio Monumental y gole\u00f3 por <strong>5-1 a Audax Italiano<\/strong>, en un partido correspondiente a la fecha 21 de la Liga de Primera.<\/p>\n<p>El gran protagonista de la tarde fue <strong>Javier Correa<\/strong>, quien marc\u00f3 dos goles y adem\u00e1s entreg\u00f3 dos asistencias para encabezar la amplia victoria del conjunto albo.<\/p>\n<p>El delantero argentino abri\u00f3 la cuenta a los <strong>15 minutos<\/strong>, luego de una gran maniobra individual en la que dej\u00f3 atr\u00e1s a un defensor de Audax con un enganche y defini\u00f3 para poner en ventaja al local.<\/p>\n<p>A los 31 minutos, Correa volvi\u00f3 a ser protagonista, esta vez asistiendo a <strong>Lautaro Pastr\u00e1n<\/strong>, quien marc\u00f3 el 2-0 para Colo Colo.<\/p>\n<p>Audax Italiano reaccion\u00f3 r\u00e1pidamente y <strong>Giovani Chiaverano descont\u00f3 a los 34 minutos<\/strong>, dejando al conjunto de La Florida nuevamente en partido antes del descanso.<\/p>\n<p>Sin embargo, Colo Colo tom\u00f3 nuevamente el control en el segundo tiempo. A los <strong>61 minutos<\/strong>, <strong>Leandro Hern\u00e1ndez<\/strong> marc\u00f3 el 3-1 tras una gran combinaci\u00f3n con \u00c1lvaro Madrid.<\/p>\n<p>La figura de la jornada volvi\u00f3 a aparecer a los 79 minutos. <strong>Correa recibi\u00f3 fuera del \u00e1rea y sac\u00f3 un potente remate de media distancia<\/strong> para establecer el 4-1 y sentenciar pr\u00e1cticamente el encuentro.<\/p>\n<p>Tres minutos m\u00e1s tarde, Hern\u00e1ndez volvi\u00f3 a marcar para completar su doblete. El atacante qued\u00f3 mano a mano con el arquero Tom\u00e1s Ahumada tras una precisa asistencia de Correa y sell\u00f3 el <strong>5-1 definitivo<\/strong>.<\/p>\n<p>Con este resultado, <strong>Colo Colo lleg\u00f3 a 52 puntos y se consolid\u00f3 como l\u00edder de la Liga de Primera<\/strong>, aumentando a 16 unidades su ventaja sobre Universidad de Chile, que marcha segunda con 36.<\/p>\n<p>Audax Italiano, en tanto, se mantiene en el <strong>13\u00b0 lugar con 22 puntos<\/strong>, apenas tres unidades por encima de la zona de descenso.<\/p>\n<p>En la pr\u00f3xima fecha, Colo Colo visitar\u00e1 a <strong>Huachipato<\/strong>, mientras que Audax Italiano viajar\u00e1 hasta el Biob\u00edo para enfrentar a <strong>Deportes Concepci\u00f3n<\/strong>.<\/p>\n","protected":false},"excerpt":{"rendered":"<p>Colo Colo tuvo una contundente jornada en el Estadio Monumental y gole\u00f3 por 5-1 a Audax Italiano, en un partido correspondiente a la fecha 21 de la Liga de Primera. El gran protagonista de la tarde fue Javier Correa, quien marc\u00f3 dos goles y adem\u00e1s entreg\u00f3 dos asistencias para encabezar la amplia victoria del conjunto &hellip;<\/p>\n","protected":false},"author":3,"featured_media":15433,"comment_status":"open","ping_status":"closed","sticky":false,"template":"","format":"standard","meta":{"footnotes":""},"categories":[5],"tags":[],"class_list":["post-15431","post","type-post","status-publish","format-standard","has-post-thumbnail","hentry","category-deportes"],"_links":{"self":[{"href":"https:\/\/www.elregional.cl\/index.php?rest_route=\/wp\/v2\/posts\/15431","targetHints":{"allow":["GET"]}}],"collection":[{"href":"https:\/\/www.elregional.cl\/index.php?rest_route=\/wp\/v2\/posts"}],"about":[{"href":"https:\/\/www.elregional.cl\/index.php?rest_route=\/wp\/v2\/types\/post"}],"author":[{"embeddable":true,"href":"https:\/\/www.elregional.cl\/index.php?rest_route=\/wp\/v2\/users\/3"}],"replies":[{"embeddable":true,"href":"https:\/\/www.elregional.cl\/index.php?rest_route=%2Fwp%2Fv2%2Fcomments&post=15431"}],"version-history":[{"count":1,"href":"https:\/\/www.elregional.cl\/index.php?rest_route=\/wp\/v2\/posts\/15431\/revisions"}],"predecessor-version":[{"id":15432,"href":"https:\/\/www.elregional.cl\/index.php?rest_route=\/wp\/v2\/posts\/15431\/revisions\/15432"}],"wp:featuredmedia":[{"embeddable":true,"href":"https:\/\/www.elregional.cl\/index.php?rest_route=\/wp\/v2\/media\/15433"}],"wp:attachment":[{"href":"https:\/\/www.elregional.cl\/index.php?rest_route=%2Fwp%2Fv2%2Fmedia&parent=15431"}],"wp:term":[{"taxonomy":"category","embeddable":true,"href":"https:\/\/www.elregional.cl\/index.php?rest_route=%2Fwp%2Fv2%2Fcategories&post=15431"},{"taxonomy":"post_tag","embeddable":true,"href":"https:\/\/www.elregional.cl\/index.php?rest_route=%2Fwp%2Fv2%2Ftags&post=15431"}],"curies":[{"name":"wp","href":"https:\/\/api.w.org\/{rel}","templated":true}]}}