{"id":15437,"date":"2026-08-31T09:00:00","date_gmt":"2026-08-31T13:00:00","guid":{"rendered":"https:\/\/www.elregional.cl\/?p=15437"},"modified":"2026-08-31T09:01:32","modified_gmt":"2026-08-31T13:01:32","slug":"israel-y-grecia-sellan-millonario-acuerdo-para-crear-un-nuevo-sistema-de-defensa-aerea","status":"publish","type":"post","link":"https:\/\/www.elregional.cl\/?p=15437","title":{"rendered":"Israel y Grecia sellan millonario acuerdo para crear un nuevo sistema de defensa a\u00e9rea"},"content":{"rendered":"<h1>Israel y Grecia sellan millonario acuerdo para crear un nuevo sistema de defensa a\u00e9rea<\/h1>\n<p>Israel y Grecia firmaron un contrato por cerca de <strong>3.000 millones de euros<\/strong> para la construcci\u00f3n de un sistema integral de defensa a\u00e9rea para el pa\u00eds europeo, que ser\u00e1 denominado <strong>\u201cEscudo de Aquiles\u201d<\/strong>.<\/p>\n<p>El acuerdo fue calificado por el Ministerio de Defensa israel\u00ed como el mayor contrato de exportaci\u00f3n de defensa en la historia de las relaciones entre ambos pa\u00edses y uno de los mayores concretados por Israel.<\/p>\n<p>El sistema incorporar\u00e1 distintas tecnolog\u00edas israel\u00edes destinadas a enfrentar una amplia variedad de amenazas. Entre ellas se encuentran <strong>Honda de David<\/strong>, para la defensa contra misiles y amenazas a\u00e9reas de medio y largo alcance; <strong>Barak MX<\/strong>, capaz de interceptar aviones, drones y misiles; y <strong>Spyder<\/strong>, un sistema m\u00f3vil de corto y medio alcance.<\/p>\n<p>La implementaci\u00f3n estar\u00e1 a cargo de <strong>Rafael<\/strong> y <strong>Israel Aerospace Industries (IAI)<\/strong>, las dos principales empresas de defensa israel\u00edes. El contrato fue firmado en Tel Aviv por el director general del Ministerio de Defensa de Israel, general <strong>Amir Baram<\/strong>, y su hom\u00f3logo griego, <strong>Ioannis Bouras<\/strong>.<\/p>\n<p>Seg\u00fan el Ministerio de Defensa israel\u00ed, ser\u00e1 la primera vez que el pa\u00eds suministre un sistema de defensa completo destinado a responder a amenazas que van desde <strong>misiles bal\u00edsticos y aeronaves hasta veh\u00edculos a\u00e9reos no tripulados<\/strong>.<\/p>\n<p>El proyecto tambi\u00e9n contempla radares multimisi\u00f3n MMR para vigilancia a\u00e9rea, fabricados por <strong>ELTA Systems<\/strong>, filial de IAI, adem\u00e1s de un sistema nacional de mando y control desarrollado por Rafael.<\/p>\n<p>A este acuerdo se suma otro contrato por <strong>26 millones de euros<\/strong> para la adquisici\u00f3n por parte de Grecia de sistemas <strong>Drone Dome<\/strong>, desarrollados por Rafael y destinados a enfrentar amenazas provenientes de drones.<\/p>\n<p>El convenio incluye adem\u00e1s cooperaci\u00f3n industrial entre ambos pa\u00edses, con transferencia de conocimientos y tecnolog\u00eda a la industria de defensa griega.<\/p>\n<p>Israel destac\u00f3 que el proyecto representa un nuevo paso en la cooperaci\u00f3n militar con Grecia, pa\u00eds considerado un socio estrat\u00e9gico en el Mediterr\u00e1neo Oriental. La elecci\u00f3n de tecnolog\u00eda israel\u00ed se enmarca en el programa griego para modernizar y ampliar sus capacidades de defensa a\u00e9rea durante la pr\u00f3xima d\u00e9cada.<\/p>\n","protected":false},"excerpt":{"rendered":"<p>Israel y Grecia sellan millonario acuerdo para crear un nuevo sistema de defensa a\u00e9rea Israel y Grecia firmaron un contrato por cerca de 3.000 millones de euros para la construcci\u00f3n de un sistema integral de defensa a\u00e9rea para el pa\u00eds europeo, que ser\u00e1 denominado \u201cEscudo de Aquiles\u201d. El acuerdo fue calificado por el Ministerio de &hellip;<\/p>\n","protected":false},"author":3,"featured_media":15439,"comment_status":"closed","ping_status":"closed","sticky":false,"template":"","format":"standard","meta":{"footnotes":""},"categories":[4],"tags":[],"class_list":["post-15437","post","type-post","status-publish","format-standard","has-post-thumbnail","hentry","category-internacional"],"_links":{"self":[{"href":"https:\/\/www.elregional.cl\/index.php?rest_route=\/wp\/v2\/posts\/15437","targetHints":{"allow":["GET"]}}],"collection":[{"href":"https:\/\/www.elregional.cl\/index.php?rest_route=\/wp\/v2\/posts"}],"about":[{"href":"https:\/\/www.elregional.cl\/index.php?rest_route=\/wp\/v2\/types\/post"}],"author":[{"embeddable":true,"href":"https:\/\/www.elregional.cl\/index.php?rest_route=\/wp\/v2\/users\/3"}],"replies":[{"embeddable":true,"href":"https:\/\/www.elregional.cl\/index.php?rest_route=%2Fwp%2Fv2%2Fcomments&post=15437"}],"version-history":[{"count":2,"href":"https:\/\/www.elregional.cl\/index.php?rest_route=\/wp\/v2\/posts\/15437\/revisions"}],"predecessor-version":[{"id":15440,"href":"https:\/\/www.elregional.cl\/index.php?rest_route=\/wp\/v2\/posts\/15437\/revisions\/15440"}],"wp:featuredmedia":[{"embeddable":true,"href":"https:\/\/www.elregional.cl\/index.php?rest_route=\/wp\/v2\/media\/15439"}],"wp:attachment":[{"href":"https:\/\/www.elregional.cl\/index.php?rest_route=%2Fwp%2Fv2%2Fmedia&parent=15437"}],"wp:term":[{"taxonomy":"category","embeddable":true,"href":"https:\/\/www.elregional.cl\/index.php?rest_route=%2Fwp%2Fv2%2Fcategories&post=15437"},{"taxonomy":"post_tag","embeddable":true,"href":"https:\/\/www.elregional.cl\/index.php?rest_route=%2Fwp%2Fv2%2Ftags&post=15437"}],"curies":[{"name":"wp","href":"https:\/\/api.w.org\/{rel}","templated":true}]}}