{"id":15441,"date":"2026-08-31T09:05:32","date_gmt":"2026-08-31T13:05:32","guid":{"rendered":"https:\/\/www.elregional.cl\/?p=15441"},"modified":"2026-08-31T09:05:33","modified_gmt":"2026-08-31T13:05:33","slug":"huachipato-actualiza-estado-de-christian-bravo-tras-incidentes-en-coquimbo","status":"publish","type":"post","link":"https:\/\/www.elregional.cl\/?p=15441","title":{"rendered":"Huachipato actualiza estado de Christian Bravo tras incidentes en Coquimbo"},"content":{"rendered":"<h1><\/h1>\n<p>Huachipato inform\u00f3 el estado de salud de su arquero <strong>Christian Bravo<\/strong>, quien debi\u00f3 ser retirado en ambulancia del estadio Francisco S\u00e1nchez Rumoroso luego de verse afectado por bombas de ruido lanzadas desde la barra de Coquimbo Unido durante el partido correspondiente a la Liga de Primera 2026.<\/p>\n<p>El incidente ocurri\u00f3 a los 70 minutos de juego, cuando Huachipato se impon\u00eda por 1-0 como visitante. Tras la situaci\u00f3n, Bravo present\u00f3 mareos y tuvo que recibir atenci\u00f3n m\u00e9dica, mientras que el \u00e1rbitro <strong>Nicol\u00e1s Gamboa<\/strong> decidi\u00f3 suspender el encuentro.<\/p>\n<p>Horas despu\u00e9s, el club de Talcahuano entreg\u00f3 detalles sobre la condici\u00f3n del futbolista y se\u00f1al\u00f3 que permanecer\u00eda internado para ser sometido a ex\u00e1menes.<\/p>\n<p>\u201cEl jugador quedar\u00e1 internado y se mantendr\u00e1 en observaci\u00f3n, realiz\u00e1ndose los estudios correspondientes antes de retornar a su hogar\u201d, inform\u00f3 Huachipato.<\/p>\n<p>La instituci\u00f3n tambi\u00e9n conden\u00f3 los hechos y expres\u00f3 su apoyo al portero, adem\u00e1s de rechazar cualquier manifestaci\u00f3n de violencia que pueda poner en riesgo a jugadores, cuerpos t\u00e9cnicos y otros integrantes de la actividad deportiva.<\/p>\n<p>Por su parte, <strong>Coquimbo Unido<\/strong> emiti\u00f3 un comunicado en el que conden\u00f3 el comportamiento de los responsables del lanzamiento de las bombas de ruido.<\/p>\n<p>\u201cEl club expresa su en\u00e9rgica condena y total rechazo frente al accionar delictual de una parte muy menor de nuestra hinchada, que causa un da\u00f1o a la instituci\u00f3n, al deporte y al f\u00fatbol chileno\u201d, se\u00f1al\u00f3 el conjunto aurinegro.<\/p>\n<p>La instituci\u00f3n adem\u00e1s lament\u00f3 lo ocurrido y ofreci\u00f3 disculpas a Huachipato y especialmente a Christian Bravo, reafirmando su intenci\u00f3n de que los partidos sean espacios de convivencia familiar y competencia deportiva.<\/p>\n<p>Finalmente, Coquimbo Unido asegur\u00f3 que buscar\u00e1 identificar a los responsables, aplicar el correspondiente <strong>derecho de admisi\u00f3n<\/strong> y ejercer las acciones legales que correspondan.<\/p>\n","protected":false},"excerpt":{"rendered":"<p>Huachipato inform\u00f3 el estado de salud de su arquero Christian Bravo, quien debi\u00f3 ser retirado en ambulancia del estadio Francisco S\u00e1nchez Rumoroso luego de verse afectado por bombas de ruido lanzadas desde la barra de Coquimbo Unido durante el partido correspondiente a la Liga de Primera 2026. El incidente ocurri\u00f3 a los 70 minutos de &hellip;<\/p>\n","protected":false},"author":3,"featured_media":15443,"comment_status":"open","ping_status":"closed","sticky":false,"template":"","format":"standard","meta":{"footnotes":""},"categories":[5],"tags":[],"class_list":["post-15441","post","type-post","status-publish","format-standard","has-post-thumbnail","hentry","category-deportes"],"_links":{"self":[{"href":"https:\/\/www.elregional.cl\/index.php?rest_route=\/wp\/v2\/posts\/15441","targetHints":{"allow":["GET"]}}],"collection":[{"href":"https:\/\/www.elregional.cl\/index.php?rest_route=\/wp\/v2\/posts"}],"about":[{"href":"https:\/\/www.elregional.cl\/index.php?rest_route=\/wp\/v2\/types\/post"}],"author":[{"embeddable":true,"href":"https:\/\/www.elregional.cl\/index.php?rest_route=\/wp\/v2\/users\/3"}],"replies":[{"embeddable":true,"href":"https:\/\/www.elregional.cl\/index.php?rest_route=%2Fwp%2Fv2%2Fcomments&post=15441"}],"version-history":[{"count":1,"href":"https:\/\/www.elregional.cl\/index.php?rest_route=\/wp\/v2\/posts\/15441\/revisions"}],"predecessor-version":[{"id":15442,"href":"https:\/\/www.elregional.cl\/index.php?rest_route=\/wp\/v2\/posts\/15441\/revisions\/15442"}],"wp:featuredmedia":[{"embeddable":true,"href":"https:\/\/www.elregional.cl\/index.php?rest_route=\/wp\/v2\/media\/15443"}],"wp:attachment":[{"href":"https:\/\/www.elregional.cl\/index.php?rest_route=%2Fwp%2Fv2%2Fmedia&parent=15441"}],"wp:term":[{"taxonomy":"category","embeddable":true,"href":"https:\/\/www.elregional.cl\/index.php?rest_route=%2Fwp%2Fv2%2Fcategories&post=15441"},{"taxonomy":"post_tag","embeddable":true,"href":"https:\/\/www.elregional.cl\/index.php?rest_route=%2Fwp%2Fv2%2Ftags&post=15441"}],"curies":[{"name":"wp","href":"https:\/\/api.w.org\/{rel}","templated":true}]}}