{"id":15444,"date":"2026-08-31T09:07:26","date_gmt":"2026-08-31T13:07:26","guid":{"rendered":"https:\/\/www.elregional.cl\/?p=15444"},"modified":"2026-08-31T09:07:27","modified_gmt":"2026-08-31T13:07:27","slug":"universidad-catolica-busca-recuperar-el-segundo-lugar-ante-ohiggins","status":"publish","type":"post","link":"https:\/\/www.elregional.cl\/?p=15444","title":{"rendered":"Universidad Cat\u00f3lica busca recuperar el segundo lugar ante O\u2019Higgins"},"content":{"rendered":"<h1><\/h1>\n<p><strong>Universidad Cat\u00f3lica<\/strong> y <strong>O\u2019Higgins<\/strong> cerrar\u00e1n este lunes 31 de agosto la fecha 21 de la Liga de Primera, en un duelo programado para las <strong>20:45 horas en el Claro Arena<\/strong>.<\/p>\n<p>El conjunto cruzado llega con la opci\u00f3n de volver al segundo lugar de la clasificaci\u00f3n, luego de la derrota sufrida por Universidad de Chile ante Universidad de Concepci\u00f3n. La UC suma 33 puntos, los mismos que Everton y Palestino, y podr\u00eda superar a los azules, que tienen 36 unidades, gracias a una mejor diferencia de goles.<\/p>\n<p>El equipo dirigido por <strong>Daniel Garnero<\/strong> viene de reencontrarse con el triunfo tras derrotar por 2-1 a Coquimbo Unido, en el partido pendiente de la fecha 19. Sin embargo, el rendimiento futbol\u00edstico todav\u00eda genera algunas dudas.<\/p>\n<p>La probable formaci\u00f3n de Universidad Cat\u00f3lica ser\u00eda con <strong>Vicente Bernedo; Sebasti\u00e1n Arancibia, Branco Ampuero, Jos\u00e9 Garc\u00eda Basso y Eugenio Mena; Jhojan Valencia, Jimmy Mart\u00ednez y Mat\u00edas Palavecino; Justo Giani, Fernando Zampedri y Clemente Montes<\/strong>.<\/p>\n<p>En tanto, O\u2019Higgins necesita sumar para alejarse de la parte baja de la tabla. El elenco rancag\u00fcino acumula <strong>tres partidos sin ganar en la Liga de Primera<\/strong>, con una derrota ante Deportes Limache, un empate frente a Colo Colo y una ca\u00edda como local ante Palestino.<\/p>\n<p>Eso s\u00ed, el cuadro celeste llega con un impulso tras vencer por <strong>3-1 a Deportes Recoleta<\/strong> durante la semana, por la Copa Chile.<\/p>\n<p>El equipo dirigido por <strong>Lucas Bovaglio<\/strong> se ubica und\u00e9cimo con 24 puntos, los mismos que Deportes La Serena y Huachipato. La distancia con la zona de descenso es reducida, ya que Cobresal aparece con 21 unidades.<\/p>\n<p>El encuentro se disputar\u00e1 desde las <strong>20:45 horas<\/strong>, con arbitraje de <strong>Juan Lara<\/strong>, y marcar\u00e1 el cierre de una nueva jornada del campeonato nacional.<\/p>\n","protected":false},"excerpt":{"rendered":"<p>Universidad Cat\u00f3lica y O\u2019Higgins cerrar\u00e1n este lunes 31 de agosto la fecha 21 de la Liga de Primera, en un duelo programado para las 20:45 horas en el Claro Arena. El conjunto cruzado llega con la opci\u00f3n de volver al segundo lugar de la clasificaci\u00f3n, luego de la derrota sufrida por Universidad de Chile ante &hellip;<\/p>\n","protected":false},"author":3,"featured_media":15446,"comment_status":"open","ping_status":"closed","sticky":false,"template":"","format":"standard","meta":{"footnotes":""},"categories":[5],"tags":[],"class_list":["post-15444","post","type-post","status-publish","format-standard","has-post-thumbnail","hentry","category-deportes"],"_links":{"self":[{"href":"https:\/\/www.elregional.cl\/index.php?rest_route=\/wp\/v2\/posts\/15444","targetHints":{"allow":["GET"]}}],"collection":[{"href":"https:\/\/www.elregional.cl\/index.php?rest_route=\/wp\/v2\/posts"}],"about":[{"href":"https:\/\/www.elregional.cl\/index.php?rest_route=\/wp\/v2\/types\/post"}],"author":[{"embeddable":true,"href":"https:\/\/www.elregional.cl\/index.php?rest_route=\/wp\/v2\/users\/3"}],"replies":[{"embeddable":true,"href":"https:\/\/www.elregional.cl\/index.php?rest_route=%2Fwp%2Fv2%2Fcomments&post=15444"}],"version-history":[{"count":1,"href":"https:\/\/www.elregional.cl\/index.php?rest_route=\/wp\/v2\/posts\/15444\/revisions"}],"predecessor-version":[{"id":15445,"href":"https:\/\/www.elregional.cl\/index.php?rest_route=\/wp\/v2\/posts\/15444\/revisions\/15445"}],"wp:featuredmedia":[{"embeddable":true,"href":"https:\/\/www.elregional.cl\/index.php?rest_route=\/wp\/v2\/media\/15446"}],"wp:attachment":[{"href":"https:\/\/www.elregional.cl\/index.php?rest_route=%2Fwp%2Fv2%2Fmedia&parent=15444"}],"wp:term":[{"taxonomy":"category","embeddable":true,"href":"https:\/\/www.elregional.cl\/index.php?rest_route=%2Fwp%2Fv2%2Fcategories&post=15444"},{"taxonomy":"post_tag","embeddable":true,"href":"https:\/\/www.elregional.cl\/index.php?rest_route=%2Fwp%2Fv2%2Ftags&post=15444"}],"curies":[{"name":"wp","href":"https:\/\/api.w.org\/{rel}","templated":true}]}}