{"id":15447,"date":"2026-08-31T09:11:11","date_gmt":"2026-08-31T13:11:11","guid":{"rendered":"https:\/\/www.elregional.cl\/?p=15447"},"modified":"2026-08-31T09:11:12","modified_gmt":"2026-08-31T13:11:12","slug":"trump-difunde-video-de-ia-que-simula-destruccion-de-estrategica-isla-petrolera-irani","status":"publish","type":"post","link":"https:\/\/www.elregional.cl\/?p=15447","title":{"rendered":"Trump difunde video de IA que simula destrucci\u00f3n de estrat\u00e9gica isla petrolera iran\u00ed"},"content":{"rendered":"<p>El presidente de Estados Unidos, <strong>Donald Trump<\/strong>, difundi\u00f3 a trav\u00e9s de su plataforma Truth Social un video generado con inteligencia artificial que simula la destrucci\u00f3n de la isla iran\u00ed de <strong>Jarg<\/strong>, uno de los principales puntos de exportaci\u00f3n de petr\u00f3leo de ese pa\u00eds.<\/p>\n<p>El registro muestra, desde la perspectiva de una aeronave, explosiones que afectan un tanque de almacenamiento y un petrolero. Sin embargo, <strong>las im\u00e1genes corresponden a una simulaci\u00f3n y no muestran un ataque real contra la isla<\/strong>.<\/p>\n<p>\u201c\u00a1La isla de Jarg siendo hecha a\u00f1icos!!! Presidente DJT\u201d, escribi\u00f3 Trump al compartir el video.<\/p>\n<p>La publicaci\u00f3n se conoci\u00f3 horas despu\u00e9s de que Estados Unidos realizara un ataque contra la isla iran\u00ed de <strong>Larak<\/strong>, ubicada en el estrecho de Ormuz. Se trat\u00f3 de la primera ofensiva estadounidense contra objetivos iran\u00edes en m\u00e1s de un mes.<\/p>\n<p>De acuerdo con el <strong>Comando Central de Estados Unidos (CENTCOM)<\/strong>, el operativo tuvo como objetivo destruir cohetes cargados con minas marinas que la Guardia Revolucionaria iran\u00ed preparaba para desplegar en el estrecho de Ormuz, una zona clave para el transporte internacional de petr\u00f3leo.<\/p>\n<p>CENTCOM sostuvo que la acci\u00f3n busc\u00f3 proteger a los marinos civiles, el transporte comercial y el libre tr\u00e1nsito del comercio mundial.<\/p>\n<p>Tras el ataque, la <strong>Guardia Revolucionaria iran\u00ed<\/strong> asegur\u00f3 haber respondido con misiles y drones contra las bases de Al Azraq y Rey Hussein, en Jordania. El Ej\u00e9rcito jordano, sin embargo, inform\u00f3 que sus sistemas de defensa interceptaron los ocho misiles lanzados, sin que se registraran v\u00edctimas ni da\u00f1os.<\/p>\n<h3>Jarg, un enclave clave para las exportaciones<\/h3>\n<p>La isla de Jarg concentra gran parte de las exportaciones petroleras de Ir\u00e1n y se ha convertido en uno de los puntos estrat\u00e9gicos de la escalada entre Teher\u00e1n, Estados Unidos e Israel.<\/p>\n<p>Trump ya hab\u00eda amenazado en reiteradas ocasiones con atacar instalaciones ubicadas en las islas iran\u00edes. La tensi\u00f3n tambi\u00e9n llev\u00f3 anteriormente a Teher\u00e1n a advertir que podr\u00eda minar las rutas mar\u00edtimas del golfo P\u00e9rsico si sus territorios insulares eran atacados.<\/p>\n<p>En julio, un bombardeo estadounidense alcanz\u00f3 instalaciones en Jarg y dej\u00f3 al menos ocho militares iran\u00edes muertos. En esa oportunidad, Trump justific\u00f3 la operaci\u00f3n acusando a Ir\u00e1n de poner en riesgo la libertad de navegaci\u00f3n en el estrecho de Ormuz.<\/p>\n","protected":false},"excerpt":{"rendered":"<p>El presidente de Estados Unidos, Donald Trump, difundi\u00f3 a trav\u00e9s de su plataforma Truth Social un video generado con inteligencia artificial que simula la destrucci\u00f3n de la isla iran\u00ed de Jarg, uno de los principales puntos de exportaci\u00f3n de petr\u00f3leo de ese pa\u00eds. El registro muestra, desde la perspectiva de una aeronave, explosiones que afectan &hellip;<\/p>\n","protected":false},"author":3,"featured_media":15449,"comment_status":"open","ping_status":"closed","sticky":false,"template":"","format":"standard","meta":{"footnotes":""},"categories":[4],"tags":[],"class_list":["post-15447","post","type-post","status-publish","format-standard","has-post-thumbnail","hentry","category-internacional"],"_links":{"self":[{"href":"https:\/\/www.elregional.cl\/index.php?rest_route=\/wp\/v2\/posts\/15447","targetHints":{"allow":["GET"]}}],"collection":[{"href":"https:\/\/www.elregional.cl\/index.php?rest_route=\/wp\/v2\/posts"}],"about":[{"href":"https:\/\/www.elregional.cl\/index.php?rest_route=\/wp\/v2\/types\/post"}],"author":[{"embeddable":true,"href":"https:\/\/www.elregional.cl\/index.php?rest_route=\/wp\/v2\/users\/3"}],"replies":[{"embeddable":true,"href":"https:\/\/www.elregional.cl\/index.php?rest_route=%2Fwp%2Fv2%2Fcomments&post=15447"}],"version-history":[{"count":1,"href":"https:\/\/www.elregional.cl\/index.php?rest_route=\/wp\/v2\/posts\/15447\/revisions"}],"predecessor-version":[{"id":15448,"href":"https:\/\/www.elregional.cl\/index.php?rest_route=\/wp\/v2\/posts\/15447\/revisions\/15448"}],"wp:featuredmedia":[{"embeddable":true,"href":"https:\/\/www.elregional.cl\/index.php?rest_route=\/wp\/v2\/media\/15449"}],"wp:attachment":[{"href":"https:\/\/www.elregional.cl\/index.php?rest_route=%2Fwp%2Fv2%2Fmedia&parent=15447"}],"wp:term":[{"taxonomy":"category","embeddable":true,"href":"https:\/\/www.elregional.cl\/index.php?rest_route=%2Fwp%2Fv2%2Fcategories&post=15447"},{"taxonomy":"post_tag","embeddable":true,"href":"https:\/\/www.elregional.cl\/index.php?rest_route=%2Fwp%2Fv2%2Ftags&post=15447"}],"curies":[{"name":"wp","href":"https:\/\/api.w.org\/{rel}","templated":true}]}}