{"id":15450,"date":"2026-08-31T09:15:28","date_gmt":"2026-08-31T13:15:28","guid":{"rendered":"https:\/\/www.elregional.cl\/?p=15450"},"modified":"2026-08-31T09:15:29","modified_gmt":"2026-08-31T13:15:29","slug":"sebv-atacama-recupera-retroexcavadora-avaluada-en-24-millones-en-pique-minero","status":"publish","type":"post","link":"https:\/\/www.elregional.cl\/?p=15450","title":{"rendered":"SEBV Atacama recupera retroexcavadora avaluada en $24 millones en pique minero"},"content":{"rendered":"<h1><\/h1>\n<p>Una retroexcavadora avaluada en <strong>24 millones de pesos<\/strong> fue recuperada por personal de la Secci\u00f3n Encargo y B\u00fasqueda de Veh\u00edculos (SEBV) de Carabineros Atacama, tras diligencias investigativas que permitieron localizar la maquinaria al interior de un pique minero abandonado en la comuna de Copiap\u00f3.<\/p>\n<p>El procedimiento se realiz\u00f3 durante la tarde de este domingo en la <strong>Ruta C-411, sector Chicharra<\/strong>, donde funcionarios especializados encontraron una retroexcavadora JCB, modelo 3C 4X4 T U, a\u00f1o 2012 y de color amarillo.<\/p>\n<p>La maquinaria manten\u00eda un n\u00famero telef\u00f3nico visible en su parabrisas, antecedente que permiti\u00f3 a los carabineros tomar contacto con su propietario. El hombre confirm\u00f3 que la especie era de su propiedad y que hab\u00eda sido sustra\u00edda el pasado <strong>28 de agosto desde las inmediaciones de la Ruta 5 Norte<\/strong>.<\/p>\n<p>Al momento de la recuperaci\u00f3n, el propietario se encontraba realizando la denuncia por la sustracci\u00f3n, por lo que la maquinaria todav\u00eda no registraba un encargo vigente.<\/p>\n<p>De esta manera, el trabajo especializado desarrollado por el SEBV permiti\u00f3 establecer oportunamente su ubicaci\u00f3n y recuperar la retroexcavadora antes de que se concretara su ingreso a los registros de especies encargadas.<\/p>\n<p>Los antecedentes del procedimiento fueron puestos a disposici\u00f3n del <strong>Ministerio P\u00fablico<\/strong>, organismo que instruy\u00f3 la realizaci\u00f3n de las pericias correspondientes para establecer las circunstancias del robo y determinar eventuales responsabilidades.<\/p>\n","protected":false},"excerpt":{"rendered":"<p>Una retroexcavadora avaluada en 24 millones de pesos fue recuperada por personal de la Secci\u00f3n Encargo y B\u00fasqueda de Veh\u00edculos (SEBV) de Carabineros Atacama, tras diligencias investigativas que permitieron localizar la maquinaria al interior de un pique minero abandonado en la comuna de Copiap\u00f3. El procedimiento se realiz\u00f3 durante la tarde de este domingo en &hellip;<\/p>\n","protected":false},"author":3,"featured_media":15452,"comment_status":"open","ping_status":"closed","sticky":false,"template":"","format":"standard","meta":{"footnotes":""},"categories":[16],"tags":[],"class_list":["post-15450","post","type-post","status-publish","format-standard","has-post-thumbnail","hentry","category-atacama"],"_links":{"self":[{"href":"https:\/\/www.elregional.cl\/index.php?rest_route=\/wp\/v2\/posts\/15450","targetHints":{"allow":["GET"]}}],"collection":[{"href":"https:\/\/www.elregional.cl\/index.php?rest_route=\/wp\/v2\/posts"}],"about":[{"href":"https:\/\/www.elregional.cl\/index.php?rest_route=\/wp\/v2\/types\/post"}],"author":[{"embeddable":true,"href":"https:\/\/www.elregional.cl\/index.php?rest_route=\/wp\/v2\/users\/3"}],"replies":[{"embeddable":true,"href":"https:\/\/www.elregional.cl\/index.php?rest_route=%2Fwp%2Fv2%2Fcomments&post=15450"}],"version-history":[{"count":1,"href":"https:\/\/www.elregional.cl\/index.php?rest_route=\/wp\/v2\/posts\/15450\/revisions"}],"predecessor-version":[{"id":15451,"href":"https:\/\/www.elregional.cl\/index.php?rest_route=\/wp\/v2\/posts\/15450\/revisions\/15451"}],"wp:featuredmedia":[{"embeddable":true,"href":"https:\/\/www.elregional.cl\/index.php?rest_route=\/wp\/v2\/media\/15452"}],"wp:attachment":[{"href":"https:\/\/www.elregional.cl\/index.php?rest_route=%2Fwp%2Fv2%2Fmedia&parent=15450"}],"wp:term":[{"taxonomy":"category","embeddable":true,"href":"https:\/\/www.elregional.cl\/index.php?rest_route=%2Fwp%2Fv2%2Fcategories&post=15450"},{"taxonomy":"post_tag","embeddable":true,"href":"https:\/\/www.elregional.cl\/index.php?rest_route=%2Fwp%2Fv2%2Ftags&post=15450"}],"curies":[{"name":"wp","href":"https:\/\/api.w.org\/{rel}","templated":true}]}}