{"id":15453,"date":"2026-08-31T09:18:23","date_gmt":"2026-08-31T13:18:23","guid":{"rendered":"https:\/\/www.elregional.cl\/?p=15453"},"modified":"2026-08-31T09:18:24","modified_gmt":"2026-08-31T13:18:24","slug":"kast-aborda-polemica-por-cerimedo-y-niega-vinculos-con-sus-campanas","status":"publish","type":"post","link":"https:\/\/www.elregional.cl\/?p=15453","title":{"rendered":"Kast aborda pol\u00e9mica por Cerimedo y niega v\u00ednculos con sus campa\u00f1as"},"content":{"rendered":"<h1 data-pm-slice=\"1 1 []\"><\/h1>\n<p>El presidente <strong>Jos\u00e9 Antonio Kast<\/strong> abord\u00f3 este lunes la controversia en torno al consultor argentino <strong>Fernando Cerimedo<\/strong> y descart\u00f3 que haya participado en alguna de sus campa\u00f1as presidenciales o que actualmente mantenga v\u00ednculos de asesor\u00eda con su administraci\u00f3n.<\/p>\n<p>En entrevista con el medio, radio <strong>Cooperativa<\/strong>, el mandatario fue consultado por los eventuales nexos con el denominado estratega digital, luego de las declaraciones realizadas por su expareja, <strong>Nadia Beller<\/strong>, quien asegur\u00f3 que Cerimedo se atribu\u00eda haber trabajado para el denominado \u201cequipo de K\u201d, en referencia a Kast.<\/p>\n<p>\u201cEn ninguna de mis campa\u00f1as he trabajado con este se\u00f1or; el gobierno no trabaja ni tiene asesor\u00edas con este se\u00f1or\u201d, afirm\u00f3 el jefe de Estado.<\/p>\n<p>Sin embargo, Kast reconoci\u00f3 que s\u00ed conoce al consultor argentino y explic\u00f3 que ambos han coincidido en distintas actividades junto a otros dirigentes pol\u00edticos.<\/p>\n<p>\u201c\u00bfSi lo conozco? S\u00ed, porque \u00e9l ha acompa\u00f1ado a distintos l\u00edderes pol\u00edticos en distintas instancias donde nos hemos cruzado, nos hemos encontrado\u201d, se\u00f1al\u00f3 el Presidente.<\/p>\n<p>Kast tambi\u00e9n fue consultado por la eventual participaci\u00f3n de Cerimedo en la campa\u00f1a por el <strong>Rechazo durante el proceso constitucional de 2020<\/strong>, instancia de la que volvi\u00f3 a marcar distancia respecto del Partido Republicano.<\/p>\n<p>\u201cEn el a\u00f1o 2020, hace seis a\u00f1os atr\u00e1s, \u00e9l habr\u00eda \u2014porque es tema de investigaci\u00f3n\u2014 asesorado a las personas que llevaron la campa\u00f1a del Rechazo, que no fue la campa\u00f1a del Partido Republicano\u201d, sostuvo.<\/p>\n<p>La controversia surgi\u00f3 a partir de los dichos de Nadia Beller, quien afirm\u00f3 que Cerimedo se jactaba de haber colaborado con el entorno de Kast y de haber contribuido a la llegada de un \u201cnuevo presidente\u201d.<\/p>\n<p>Seg\u00fan su relato, el consultor argentino tambi\u00e9n habr\u00eda mantenido contacto con personas en Chile durante distintos procesos electorales y se habr\u00eda atribuido participaci\u00f3n en campa\u00f1as vinculadas al proceso constituyente.<\/p>\n<p>Beller, sin embargo, precis\u00f3 que desconoce qui\u00e9n habr\u00eda contratado los eventuales servicios de Cerimedo y c\u00f3mo se habr\u00edan financiado esas operaciones, por lo que esos antecedentes deber\u00e1n ser determinados por las investigaciones correspondientes.<\/p>\n","protected":false},"excerpt":{"rendered":"<p>El presidente Jos\u00e9 Antonio Kast abord\u00f3 este lunes la controversia en torno al consultor argentino Fernando Cerimedo y descart\u00f3 que haya participado en alguna de sus campa\u00f1as presidenciales o que actualmente mantenga v\u00ednculos de asesor\u00eda con su administraci\u00f3n. En entrevista con el medio, radio Cooperativa, el mandatario fue consultado por los eventuales nexos con el &hellip;<\/p>\n","protected":false},"author":3,"featured_media":15455,"comment_status":"open","ping_status":"closed","sticky":false,"template":"","format":"standard","meta":{"footnotes":""},"categories":[3],"tags":[],"class_list":["post-15453","post","type-post","status-publish","format-standard","has-post-thumbnail","hentry","category-pais"],"_links":{"self":[{"href":"https:\/\/www.elregional.cl\/index.php?rest_route=\/wp\/v2\/posts\/15453","targetHints":{"allow":["GET"]}}],"collection":[{"href":"https:\/\/www.elregional.cl\/index.php?rest_route=\/wp\/v2\/posts"}],"about":[{"href":"https:\/\/www.elregional.cl\/index.php?rest_route=\/wp\/v2\/types\/post"}],"author":[{"embeddable":true,"href":"https:\/\/www.elregional.cl\/index.php?rest_route=\/wp\/v2\/users\/3"}],"replies":[{"embeddable":true,"href":"https:\/\/www.elregional.cl\/index.php?rest_route=%2Fwp%2Fv2%2Fcomments&post=15453"}],"version-history":[{"count":1,"href":"https:\/\/www.elregional.cl\/index.php?rest_route=\/wp\/v2\/posts\/15453\/revisions"}],"predecessor-version":[{"id":15454,"href":"https:\/\/www.elregional.cl\/index.php?rest_route=\/wp\/v2\/posts\/15453\/revisions\/15454"}],"wp:featuredmedia":[{"embeddable":true,"href":"https:\/\/www.elregional.cl\/index.php?rest_route=\/wp\/v2\/media\/15455"}],"wp:attachment":[{"href":"https:\/\/www.elregional.cl\/index.php?rest_route=%2Fwp%2Fv2%2Fmedia&parent=15453"}],"wp:term":[{"taxonomy":"category","embeddable":true,"href":"https:\/\/www.elregional.cl\/index.php?rest_route=%2Fwp%2Fv2%2Fcategories&post=15453"},{"taxonomy":"post_tag","embeddable":true,"href":"https:\/\/www.elregional.cl\/index.php?rest_route=%2Fwp%2Fv2%2Ftags&post=15453"}],"curies":[{"name":"wp","href":"https:\/\/api.w.org\/{rel}","templated":true}]}}