{"id":15459,"date":"2026-08-31T10:07:19","date_gmt":"2026-08-31T14:07:19","guid":{"rendered":"https:\/\/www.elregional.cl\/?p=15459"},"modified":"2026-08-31T10:07:20","modified_gmt":"2026-08-31T14:07:20","slug":"cinco-detenidos-tras-violenta-agresion-a-jovenes-venezolanas-en-la-antena","status":"publish","type":"post","link":"https:\/\/www.elregional.cl\/?p=15459","title":{"rendered":"Cinco detenidos tras violenta agresi\u00f3n a j\u00f3venes venezolanas en La Antena"},"content":{"rendered":"<p>Un amplio operativo de Carabineros permiti\u00f3 detener a <strong>cinco personas vinculadas a la violenta agresi\u00f3n sufrida por dos j\u00f3venes venezolanas de 17 y 18 a\u00f1os<\/strong> durante la madrugada del domingo en el sector de La Antena, en La Serena.<\/p>\n<p>El procedimiento fue encabezado por funcionarios de la <strong>Primera Comisar\u00eda La Serena<\/strong>, con apoyo de personal del <strong>GOPE<\/strong>, luego de que Carabineros tomara conocimiento de los hechos a trav\u00e9s del SAR Cardenal Silva Henr\u00edquez.<\/p>\n<p>Seg\u00fan los antecedentes reunidos, las j\u00f3venes llegaron hasta el sector para recuperar una motocicleta que hab\u00edan prestado horas antes a un amigo durante una fiesta realizada en La Varilla. Tras recibir informaci\u00f3n de que el veh\u00edculo se encontraba en La Antena, ambas concurrieron al lugar acompa\u00f1adas por un hombre.<\/p>\n<p>Al llegar, fueron atacadas por un grupo de mujeres, quienes las habr\u00edan golpeado utilizando elementos contundentes y armas blancas. Producto de la agresi\u00f3n, la joven de 18 a\u00f1os permaneci\u00f3 en <strong>riesgo vital hasta la ma\u00f1ana de este lunes<\/strong>.<\/p>\n<p>Tras conocer la situaci\u00f3n, Carabineros despleg\u00f3 un amplio operativo en el sector, logrando detener a cinco personas que estar\u00edan directamente vinculadas con la agresi\u00f3n. Se trata de <strong>cuatro mujeres y un hombre<\/strong>, entre ellos una adolescente de 14 a\u00f1os.<\/p>\n<p>Adem\u00e1s, tres de los detenidos mantienen antecedentes por distintos delitos, entre ellos <strong>tr\u00e1fico de drogas, receptaci\u00f3n de veh\u00edculos, amenazas y lesiones con arma blanca<\/strong>, entre otros. Una de las personas detenidas, adem\u00e1s, manten\u00eda una orden judicial vigente.<\/p>\n<p>Salvo esta \u00faltima persona, los dem\u00e1s detenidos quedaron apercibidos al <strong>art\u00edculo 26 del C\u00f3digo Procesal Penal<\/strong>, por lo que permanecer\u00e1n en libertad a la espera de una eventual citaci\u00f3n por parte del Ministerio P\u00fablico.<\/p>\n<p>Paralelamente, la <strong>Secci\u00f3n de Investigaci\u00f3n Policial (SIP) de la Primera Comisar\u00eda La Serena<\/strong> mantiene diligencias para ubicar la motocicleta que habr\u00eda originado el conflicto y establecer la participaci\u00f3n de otras personas en los hechos.<\/p>\n<p>En tanto, las dos v\u00edctimas evolucionan favorablemente y se mantienen bajo atenci\u00f3n m\u00e9dica.<\/p>\n","protected":false},"excerpt":{"rendered":"<p>Un amplio operativo de Carabineros permiti\u00f3 detener a cinco personas vinculadas a la violenta agresi\u00f3n sufrida por dos j\u00f3venes venezolanas de 17 y 18 a\u00f1os durante la madrugada del domingo en el sector de La Antena, en La Serena. El procedimiento fue encabezado por funcionarios de la Primera Comisar\u00eda La Serena, con apoyo de personal &hellip;<\/p>\n","protected":false},"author":3,"featured_media":15461,"comment_status":"open","ping_status":"closed","sticky":false,"template":"","format":"standard","meta":{"footnotes":""},"categories":[2],"tags":[],"class_list":["post-15459","post","type-post","status-publish","format-standard","has-post-thumbnail","hentry","category-regionales"],"_links":{"self":[{"href":"https:\/\/www.elregional.cl\/index.php?rest_route=\/wp\/v2\/posts\/15459","targetHints":{"allow":["GET"]}}],"collection":[{"href":"https:\/\/www.elregional.cl\/index.php?rest_route=\/wp\/v2\/posts"}],"about":[{"href":"https:\/\/www.elregional.cl\/index.php?rest_route=\/wp\/v2\/types\/post"}],"author":[{"embeddable":true,"href":"https:\/\/www.elregional.cl\/index.php?rest_route=\/wp\/v2\/users\/3"}],"replies":[{"embeddable":true,"href":"https:\/\/www.elregional.cl\/index.php?rest_route=%2Fwp%2Fv2%2Fcomments&post=15459"}],"version-history":[{"count":1,"href":"https:\/\/www.elregional.cl\/index.php?rest_route=\/wp\/v2\/posts\/15459\/revisions"}],"predecessor-version":[{"id":15460,"href":"https:\/\/www.elregional.cl\/index.php?rest_route=\/wp\/v2\/posts\/15459\/revisions\/15460"}],"wp:featuredmedia":[{"embeddable":true,"href":"https:\/\/www.elregional.cl\/index.php?rest_route=\/wp\/v2\/media\/15461"}],"wp:attachment":[{"href":"https:\/\/www.elregional.cl\/index.php?rest_route=%2Fwp%2Fv2%2Fmedia&parent=15459"}],"wp:term":[{"taxonomy":"category","embeddable":true,"href":"https:\/\/www.elregional.cl\/index.php?rest_route=%2Fwp%2Fv2%2Fcategories&post=15459"},{"taxonomy":"post_tag","embeddable":true,"href":"https:\/\/www.elregional.cl\/index.php?rest_route=%2Fwp%2Fv2%2Ftags&post=15459"}],"curies":[{"name":"wp","href":"https:\/\/api.w.org\/{rel}","templated":true}]}}