{"id":15462,"date":"2026-08-31T11:27:08","date_gmt":"2026-08-31T15:27:08","guid":{"rendered":"https:\/\/www.elregional.cl\/?p=15462"},"modified":"2026-08-31T11:27:08","modified_gmt":"2026-08-31T15:27:08","slug":"produccion-industrial-registra-fuerte-caida-de-51-durante-julio","status":"publish","type":"post","link":"https:\/\/www.elregional.cl\/?p=15462","title":{"rendered":"Producci\u00f3n industrial registra fuerte ca\u00edda de 5,1% durante julio"},"content":{"rendered":"<p>La producci\u00f3n industrial registr\u00f3 un negativo desempe\u00f1o durante julio, con una <strong>ca\u00edda de 5,1% en doce meses<\/strong>, de acuerdo con los datos publicados por el Instituto Nacional de Estad\u00edsticas, INE.<\/p>\n<p>El resultado estuvo marcado principalmente por el retroceso de dos de los tres sectores que componen el \u00cdndice de Producci\u00f3n Industrial.<\/p>\n<p>El <strong>\u00cdndice de Producci\u00f3n Minera disminuy\u00f3 7,2% interanual<\/strong>, debido principalmente a una menor actividad en la miner\u00eda met\u00e1lica.<\/p>\n<p>A esto se sum\u00f3 el comportamiento de la industria manufacturera. El <strong>\u00cdndice de Producci\u00f3n Manufacturera cay\u00f3 4,9% en doce meses<\/strong>, descenso explicado en gran medida por una baja de 25,9% en la fabricaci\u00f3n de coque y productos de la refinaci\u00f3n del petr\u00f3leo.<\/p>\n<p>El \u00fanico sector que mostr\u00f3 un resultado positivo fue el <strong>\u00cdndice de Producci\u00f3n de Electricidad, Gas y Agua<\/strong>, aunque su crecimiento fue marginal, con un aumento de apenas 0,3% respecto de julio de 2025.<\/p>\n<p>Los datos se conocen en la antesala de la publicaci\u00f3n del <strong>Imacec de julio por parte del Banco Central<\/strong>, indicador que permitir\u00e1 dimensionar con mayor amplitud el comportamiento de la actividad econ\u00f3mica durante el s\u00e9ptimo mes del a\u00f1o.<\/p>\n<h3>Comercio tambi\u00e9n registra retroceso<\/h3>\n<p>En paralelo, el <strong>\u00cdndice de Actividad del Comercio registr\u00f3 una disminuci\u00f3n interanual de 0,2% en julio<\/strong>, aunque mantiene un crecimiento acumulado de 3,3% durante los primeros siete meses de 2026.<\/p>\n<p>El principal retroceso se observ\u00f3 en el comercio al por mayor, excluyendo veh\u00edculos automotores y motocicletas, que registr\u00f3 una ca\u00edda de <strong>3,2%<\/strong>.<\/p>\n<p>En contraste, las ventas de supermercados medidas a precios constantes aumentaron <strong>2,1% en doce meses<\/strong>, acumulando un crecimiento de 0,4% al s\u00e9ptimo mes del a\u00f1o.<\/p>\n<p>El comercio electr\u00f3nico mostr\u00f3 un comportamiento m\u00e1s favorable. El <strong>\u00cdndice del Comercio Electr\u00f3nico Minorista, medido a precios corrientes, aument\u00f3 14,8% en doce meses<\/strong>, reflejando un importante dinamismo de este segmento frente al desempe\u00f1o general del comercio durante julio.<\/p>\n","protected":false},"excerpt":{"rendered":"<p>La producci\u00f3n industrial registr\u00f3 un negativo desempe\u00f1o durante julio, con una ca\u00edda de 5,1% en doce meses, de acuerdo con los datos publicados por el Instituto Nacional de Estad\u00edsticas, INE. El resultado estuvo marcado principalmente por el retroceso de dos de los tres sectores que componen el \u00cdndice de Producci\u00f3n Industrial. El \u00cdndice de Producci\u00f3n &hellip;<\/p>\n","protected":false},"author":3,"featured_media":15464,"comment_status":"open","ping_status":"closed","sticky":false,"template":"","format":"standard","meta":{"footnotes":""},"categories":[3],"tags":[],"class_list":["post-15462","post","type-post","status-publish","format-standard","has-post-thumbnail","hentry","category-pais"],"_links":{"self":[{"href":"https:\/\/www.elregional.cl\/index.php?rest_route=\/wp\/v2\/posts\/15462","targetHints":{"allow":["GET"]}}],"collection":[{"href":"https:\/\/www.elregional.cl\/index.php?rest_route=\/wp\/v2\/posts"}],"about":[{"href":"https:\/\/www.elregional.cl\/index.php?rest_route=\/wp\/v2\/types\/post"}],"author":[{"embeddable":true,"href":"https:\/\/www.elregional.cl\/index.php?rest_route=\/wp\/v2\/users\/3"}],"replies":[{"embeddable":true,"href":"https:\/\/www.elregional.cl\/index.php?rest_route=%2Fwp%2Fv2%2Fcomments&post=15462"}],"version-history":[{"count":1,"href":"https:\/\/www.elregional.cl\/index.php?rest_route=\/wp\/v2\/posts\/15462\/revisions"}],"predecessor-version":[{"id":15463,"href":"https:\/\/www.elregional.cl\/index.php?rest_route=\/wp\/v2\/posts\/15462\/revisions\/15463"}],"wp:featuredmedia":[{"embeddable":true,"href":"https:\/\/www.elregional.cl\/index.php?rest_route=\/wp\/v2\/media\/15464"}],"wp:attachment":[{"href":"https:\/\/www.elregional.cl\/index.php?rest_route=%2Fwp%2Fv2%2Fmedia&parent=15462"}],"wp:term":[{"taxonomy":"category","embeddable":true,"href":"https:\/\/www.elregional.cl\/index.php?rest_route=%2Fwp%2Fv2%2Fcategories&post=15462"},{"taxonomy":"post_tag","embeddable":true,"href":"https:\/\/www.elregional.cl\/index.php?rest_route=%2Fwp%2Fv2%2Ftags&post=15462"}],"curies":[{"name":"wp","href":"https:\/\/api.w.org\/{rel}","templated":true}]}}