{"id":15465,"date":"2026-08-31T11:45:20","date_gmt":"2026-08-31T15:45:20","guid":{"rendered":"https:\/\/www.elregional.cl\/?p=15465"},"modified":"2026-08-31T11:45:21","modified_gmt":"2026-08-31T15:45:21","slug":"carabineros-detiene-a-dos-personas-por-robo-y-recupera-especies-en-chanaral","status":"publish","type":"post","link":"https:\/\/www.elregional.cl\/?p=15465","title":{"rendered":"Carabineros detiene a dos personas por robo y recupera especies en Cha\u00f1aral"},"content":{"rendered":"<h1><\/h1>\n<p>Dos personas fueron detenidas por Carabineros de la <strong>1\u00aa Comisar\u00eda de Cha\u00f1aral<\/strong>, tras establecer su presunta participaci\u00f3n en un robo ocurrido en un inmueble ubicado en calle Benjam\u00edn Carrasco N\u00b0 4.<\/p>\n<p>El procedimiento se inici\u00f3 durante la noche de este domingo, cuando personal policial concurri\u00f3 hasta el lugar para verificar la denuncia por un delito de <strong>robo en lugar no habitado<\/strong>.<\/p>\n<p>A partir de las primeras diligencias, funcionarios de la <strong>Secci\u00f3n de Investigaci\u00f3n Policial (SIP)<\/strong> de la unidad territorial lograron establecer la participaci\u00f3n de un joven de 18 a\u00f1os y un adolescente de 16.<\/p>\n<p>Ambos fueron sindicados por un testigo como participantes en el hecho y, adem\u00e1s, manten\u00edan en su poder diversas especies que hab\u00edan sido sustra\u00eddas desde el inmueble.<\/p>\n<p>Entre los art\u00edculos recuperados se encuentran <strong>dos taladros, tres perfumes, un tel\u00e9fono celular, una tablet tipo iPad y diversas herramientas<\/strong>, especies que posteriormente fueron entregadas a su propietario por instrucci\u00f3n del Ministerio P\u00fablico.<\/p>\n<p>El detenido de 18 a\u00f1os registra una reiteraci\u00f3n por el delito de <strong>hurto simple<\/strong>, mientras que el adolescente de 16 a\u00f1os no mantiene antecedentes policiales.<\/p>\n<p>Ambos fueron puestos a disposici\u00f3n del <strong>Ministerio P\u00fablico<\/strong> para el respectivo control de detenci\u00f3n.<\/p>\n<p>Desde Carabineros de Atacama destacaron el trabajo investigativo desarrollado por sus unidades territoriales y especializadas para esclarecer delitos, recuperar especies sustra\u00eddas y poner a los responsables a disposici\u00f3n de la justicia.<\/p>\n","protected":false},"excerpt":{"rendered":"<p>Dos personas fueron detenidas por Carabineros de la 1\u00aa Comisar\u00eda de Cha\u00f1aral, tras establecer su presunta participaci\u00f3n en un robo ocurrido en un inmueble ubicado en calle Benjam\u00edn Carrasco N\u00b0 4. El procedimiento se inici\u00f3 durante la noche de este domingo, cuando personal policial concurri\u00f3 hasta el lugar para verificar la denuncia por un delito &hellip;<\/p>\n","protected":false},"author":3,"featured_media":15467,"comment_status":"open","ping_status":"closed","sticky":false,"template":"","format":"standard","meta":{"footnotes":""},"categories":[16],"tags":[],"class_list":["post-15465","post","type-post","status-publish","format-standard","has-post-thumbnail","hentry","category-atacama"],"_links":{"self":[{"href":"https:\/\/www.elregional.cl\/index.php?rest_route=\/wp\/v2\/posts\/15465","targetHints":{"allow":["GET"]}}],"collection":[{"href":"https:\/\/www.elregional.cl\/index.php?rest_route=\/wp\/v2\/posts"}],"about":[{"href":"https:\/\/www.elregional.cl\/index.php?rest_route=\/wp\/v2\/types\/post"}],"author":[{"embeddable":true,"href":"https:\/\/www.elregional.cl\/index.php?rest_route=\/wp\/v2\/users\/3"}],"replies":[{"embeddable":true,"href":"https:\/\/www.elregional.cl\/index.php?rest_route=%2Fwp%2Fv2%2Fcomments&post=15465"}],"version-history":[{"count":1,"href":"https:\/\/www.elregional.cl\/index.php?rest_route=\/wp\/v2\/posts\/15465\/revisions"}],"predecessor-version":[{"id":15466,"href":"https:\/\/www.elregional.cl\/index.php?rest_route=\/wp\/v2\/posts\/15465\/revisions\/15466"}],"wp:featuredmedia":[{"embeddable":true,"href":"https:\/\/www.elregional.cl\/index.php?rest_route=\/wp\/v2\/media\/15467"}],"wp:attachment":[{"href":"https:\/\/www.elregional.cl\/index.php?rest_route=%2Fwp%2Fv2%2Fmedia&parent=15465"}],"wp:term":[{"taxonomy":"category","embeddable":true,"href":"https:\/\/www.elregional.cl\/index.php?rest_route=%2Fwp%2Fv2%2Fcategories&post=15465"},{"taxonomy":"post_tag","embeddable":true,"href":"https:\/\/www.elregional.cl\/index.php?rest_route=%2Fwp%2Fv2%2Ftags&post=15465"}],"curies":[{"name":"wp","href":"https:\/\/api.w.org\/{rel}","templated":true}]}}