{"id":15468,"date":"2026-08-31T11:50:06","date_gmt":"2026-08-31T15:50:06","guid":{"rendered":"https:\/\/www.elregional.cl\/?p=15468"},"modified":"2026-08-31T11:50:07","modified_gmt":"2026-08-31T15:50:07","slug":"balance-de-victimas-en-nepal-se-dispara-en-medio-de-un-desastre-inimaginable-van-mas-de-900-muertos","status":"publish","type":"post","link":"https:\/\/www.elregional.cl\/?p=15468","title":{"rendered":"Balance de v\u00edctimas en Nepal se dispara en medio de un desastre \u00abinimaginable\u00bb: van m\u00e1s de 900 muertos"},"content":{"rendered":"<h1 data-pm-slice=\"1 1 []\"><\/h1>\n<p>La magnitud de la cat\u00e1strofe provocada por un alud y la posterior crecida de las aguas en la regi\u00f3n del Himalaya contin\u00faa aumentando. A cinco d\u00edas del desastre que afect\u00f3 a <strong>Nepal y China<\/strong>, el balance supera los <strong>900 fallecidos y 4.700 desaparecidos<\/strong>.<\/p>\n<p>El primer ministro de Nepal, <strong>Balendra Shah<\/strong>, calific\u00f3 la emergencia como un desastre natural de una magnitud \u201cinimaginable y desgarradora\u201d, aunque asegur\u00f3 que las autoridades mantienen los esfuerzos para proteger a la poblaci\u00f3n y localizar a posibles sobrevivientes.<\/p>\n<p>Las labores de rescate se desarrollan en condiciones extremas, debido a la presencia de grandes cantidades de barro, escombros y nuevas amenazas de crecidas que dificultan el acceso a las zonas afectadas.<\/p>\n<p>Entre los rescates registrados se encuentra el de una <strong>ni\u00f1a de seis a\u00f1os<\/strong>, encontrada con vida el viernes bajo los escombros. De acuerdo con la polic\u00eda nepal\u00ed, la menor solo ten\u00eda la cabeza visible cuando fue localizada. Actualmente se encuentra fuera de peligro y permanece hospitalizada junto a su familia.<\/p>\n<p>Uno de los principales focos de b\u00fasqueda se mantiene en un t\u00fanel de una obra, donde las autoridades todav\u00eda no logran establecer contacto con <strong>alrededor de un centenar de trabajadores<\/strong> que podr\u00edan encontrarse atrapados.<\/p>\n<p>El ej\u00e9rcito nepal\u00ed inform\u00f3 que los equipos trabajan en la evacuaci\u00f3n del agua y la remoci\u00f3n de escombros mediante maquinaria pesada y explosivos. Tambi\u00e9n se desarrollan operaciones similares en otros t\u00faneles del valle y en sectores donde existen centrales hidroel\u00e9ctricas y proyectos de construcci\u00f3n de represas.<\/p>\n<h3>Rescates se concentran en zonas de dif\u00edcil acceso<\/h3>\n<p>Decenas de militares, polic\u00edas y gu\u00edas nepaleses participan de las labores de emergencia, con apoyo de especialistas provenientes de <strong>India, China y Corea del Sur<\/strong>.<\/p>\n<p>Desde un hospital de Katmand\u00fa, un trabajador de la central hidroel\u00e9ctrica Upper Trishuli, <strong>Shibu Giri, de 44 a\u00f1os<\/strong>, relat\u00f3 que logr\u00f3 escapar de la crecida. Seg\u00fan su testimonio, el fen\u00f3meno se produjo de manera repentina y con una fuerza similar a un tsunami.<\/p>\n<p>\u201cFue como un tsunami, con un ruido enorme y una enorme nube de polvo\u201d, relat\u00f3 el trabajador, quien asegur\u00f3 que debi\u00f3 desplazarse hacia zonas altas para intentar sobrevivir.<\/p>\n<p>En el lado chino, los equipos de emergencia enfrentan dificultades similares en el <strong>T\u00edbet<\/strong>, especialmente en el puesto fronterizo de Gyirong, donde las aguas destruyeron completamente el edificio.<\/p>\n<p>Expertos y cient\u00edficos atribuyen la violenta crecida registrada el mi\u00e9rcoles al <strong>derrumbe de un enorme glaciar<\/strong>, fen\u00f3meno que habr\u00eda transformado un r\u00edo de la zona en un torrente de gran fuerza y desencadenado una de las peores tragedias registradas recientemente en esta zona del Himalaya.<\/p>\n","protected":false},"excerpt":{"rendered":"<p>La magnitud de la cat\u00e1strofe provocada por un alud y la posterior crecida de las aguas en la regi\u00f3n del Himalaya contin\u00faa aumentando. A cinco d\u00edas del desastre que afect\u00f3 a Nepal y China, el balance supera los 900 fallecidos y 4.700 desaparecidos. El primer ministro de Nepal, Balendra Shah, calific\u00f3 la emergencia como un &hellip;<\/p>\n","protected":false},"author":3,"featured_media":15470,"comment_status":"open","ping_status":"open","sticky":false,"template":"","format":"standard","meta":{"footnotes":""},"categories":[4],"tags":[],"class_list":["post-15468","post","type-post","status-publish","format-standard","has-post-thumbnail","hentry","category-internacional"],"_links":{"self":[{"href":"https:\/\/www.elregional.cl\/index.php?rest_route=\/wp\/v2\/posts\/15468","targetHints":{"allow":["GET"]}}],"collection":[{"href":"https:\/\/www.elregional.cl\/index.php?rest_route=\/wp\/v2\/posts"}],"about":[{"href":"https:\/\/www.elregional.cl\/index.php?rest_route=\/wp\/v2\/types\/post"}],"author":[{"embeddable":true,"href":"https:\/\/www.elregional.cl\/index.php?rest_route=\/wp\/v2\/users\/3"}],"replies":[{"embeddable":true,"href":"https:\/\/www.elregional.cl\/index.php?rest_route=%2Fwp%2Fv2%2Fcomments&post=15468"}],"version-history":[{"count":1,"href":"https:\/\/www.elregional.cl\/index.php?rest_route=\/wp\/v2\/posts\/15468\/revisions"}],"predecessor-version":[{"id":15469,"href":"https:\/\/www.elregional.cl\/index.php?rest_route=\/wp\/v2\/posts\/15468\/revisions\/15469"}],"wp:featuredmedia":[{"embeddable":true,"href":"https:\/\/www.elregional.cl\/index.php?rest_route=\/wp\/v2\/media\/15470"}],"wp:attachment":[{"href":"https:\/\/www.elregional.cl\/index.php?rest_route=%2Fwp%2Fv2%2Fmedia&parent=15468"}],"wp:term":[{"taxonomy":"category","embeddable":true,"href":"https:\/\/www.elregional.cl\/index.php?rest_route=%2Fwp%2Fv2%2Fcategories&post=15468"},{"taxonomy":"post_tag","embeddable":true,"href":"https:\/\/www.elregional.cl\/index.php?rest_route=%2Fwp%2Fv2%2Ftags&post=15468"}],"curies":[{"name":"wp","href":"https:\/\/api.w.org\/{rel}","templated":true}]}}