{"id":15474,"date":"2026-08-31T14:17:24","date_gmt":"2026-08-31T18:17:24","guid":{"rendered":"https:\/\/www.elregional.cl\/?p=15474"},"modified":"2026-08-31T14:17:25","modified_gmt":"2026-08-31T18:17:25","slug":"en-12-minutos-carabineros-recupera-vehiculo-robado-y-detiene-a-conductor-en-ovalle","status":"publish","type":"post","link":"https:\/\/www.elregional.cl\/?p=15474","title":{"rendered":"En 12 minutos: Carabineros recupera veh\u00edculo robado y detiene a conductor en Ovalle"},"content":{"rendered":"<h1><\/h1>\n<p>Un trabajo coordinado entre <strong>Carabineros de la Tercera Comisar\u00eda de Ovalle y la Municipalidad<\/strong> permiti\u00f3 recuperar un veh\u00edculo que manten\u00eda encargo vigente por robo y detener a un hombre de 34 a\u00f1os por el delito de receptaci\u00f3n de veh\u00edculo motorizado.<\/p>\n<p>El procedimiento se inici\u00f3 cuando operadores de las c\u00e1maras de seguridad comunales detectaron circulando por la ciudad un <strong>Peugeot 206<\/strong> que manten\u00eda un encargo vigente desde el pasado 22 de agosto.<\/p>\n<p>La informaci\u00f3n fue entregada de inmediato a Carabineros, cuyos funcionarios desplegaron un operativo para ubicar el autom\u00f3vil. El veh\u00edculo fue localizado en <strong>Avenida Romeral<\/strong>, momento en que su conductor advirti\u00f3 la presencia policial e intent\u00f3 escapar.<\/p>\n<p>Ante esta situaci\u00f3n se inici\u00f3 un seguimiento controlado que termin\u00f3 en un sitio eriazo ubicado en las inmediaciones del <strong>pasaje El Muelle<\/strong>, donde los funcionarios lograron interceptar el autom\u00f3vil y detener a su conductor.<\/p>\n<p>Desde que las c\u00e1maras municipales detectaron el veh\u00edculo hasta su recuperaci\u00f3n y la detenci\u00f3n del individuo transcurrieron <strong>solo 12 minutos<\/strong>.<\/p>\n<p>El detenido fue identificado con las iniciales <strong>C.A.B.R., de 34 a\u00f1os<\/strong>, y qued\u00f3 a disposici\u00f3n de la justicia por su presunta responsabilidad en el delito de <strong>receptaci\u00f3n de veh\u00edculo motorizado<\/strong>.<\/p>\n<p>El procedimiento destac\u00f3 adem\u00e1s por la coordinaci\u00f3n entre los equipos municipales de monitoreo y Carabineros, permitiendo una r\u00e1pida respuesta ante la detecci\u00f3n de un veh\u00edculo con encargo por robo.<\/p>\n","protected":false},"excerpt":{"rendered":"<p>Un trabajo coordinado entre Carabineros de la Tercera Comisar\u00eda de Ovalle y la Municipalidad permiti\u00f3 recuperar un veh\u00edculo que manten\u00eda encargo vigente por robo y detener a un hombre de 34 a\u00f1os por el delito de receptaci\u00f3n de veh\u00edculo motorizado. El procedimiento se inici\u00f3 cuando operadores de las c\u00e1maras de seguridad comunales detectaron circulando por &hellip;<\/p>\n","protected":false},"author":3,"featured_media":15476,"comment_status":"open","ping_status":"closed","sticky":false,"template":"","format":"standard","meta":{"footnotes":""},"categories":[2],"tags":[],"class_list":["post-15474","post","type-post","status-publish","format-standard","has-post-thumbnail","hentry","category-regionales"],"_links":{"self":[{"href":"https:\/\/www.elregional.cl\/index.php?rest_route=\/wp\/v2\/posts\/15474","targetHints":{"allow":["GET"]}}],"collection":[{"href":"https:\/\/www.elregional.cl\/index.php?rest_route=\/wp\/v2\/posts"}],"about":[{"href":"https:\/\/www.elregional.cl\/index.php?rest_route=\/wp\/v2\/types\/post"}],"author":[{"embeddable":true,"href":"https:\/\/www.elregional.cl\/index.php?rest_route=\/wp\/v2\/users\/3"}],"replies":[{"embeddable":true,"href":"https:\/\/www.elregional.cl\/index.php?rest_route=%2Fwp%2Fv2%2Fcomments&post=15474"}],"version-history":[{"count":1,"href":"https:\/\/www.elregional.cl\/index.php?rest_route=\/wp\/v2\/posts\/15474\/revisions"}],"predecessor-version":[{"id":15475,"href":"https:\/\/www.elregional.cl\/index.php?rest_route=\/wp\/v2\/posts\/15474\/revisions\/15475"}],"wp:featuredmedia":[{"embeddable":true,"href":"https:\/\/www.elregional.cl\/index.php?rest_route=\/wp\/v2\/media\/15476"}],"wp:attachment":[{"href":"https:\/\/www.elregional.cl\/index.php?rest_route=%2Fwp%2Fv2%2Fmedia&parent=15474"}],"wp:term":[{"taxonomy":"category","embeddable":true,"href":"https:\/\/www.elregional.cl\/index.php?rest_route=%2Fwp%2Fv2%2Fcategories&post=15474"},{"taxonomy":"post_tag","embeddable":true,"href":"https:\/\/www.elregional.cl\/index.php?rest_route=%2Fwp%2Fv2%2Ftags&post=15474"}],"curies":[{"name":"wp","href":"https:\/\/api.w.org\/{rel}","templated":true}]}}