{"id":15483,"date":"2026-08-31T16:44:00","date_gmt":"2026-08-31T20:44:00","guid":{"rendered":"https:\/\/www.elregional.cl\/?p=15483"},"modified":"2026-08-31T16:44:01","modified_gmt":"2026-08-31T20:44:01","slug":"la-serena-cerro-su-aniversario-482-con-izamiento-de-la-bandera-comunal-en-el-faro-monumental","status":"publish","type":"post","link":"https:\/\/www.elregional.cl\/?p=15483","title":{"rendered":"La Serena cerr\u00f3 su aniversario 482 con izamiento de la bandera comunal en el Faro Monumental"},"content":{"rendered":"<h1><\/h1>\n<p>Con el tradicional izamiento de la bandera comunal en el Faro Monumental, la Municipalidad de La Serena puso t\u00e9rmino a las actividades oficiales por el aniversario n\u00famero 482 de la ciudad.<\/p>\n<p>La ceremonia, de car\u00e1cter interno, cont\u00f3 con la participaci\u00f3n de funcionarios municipales y concejales, y marc\u00f3 el cierre de un mes de celebraciones que estuvo condicionado por la emergencia clim\u00e1tica registrada durante julio.<\/p>\n<p>Debido a esta situaci\u00f3n, el municipio opt\u00f3 por desarrollar una programaci\u00f3n m\u00e1s acotada, que incluy\u00f3 la entrega de la Medalla Ciudad de La Serena, la misa en honor a San Bartolom\u00e9 y la tradicional Verbena Serenense, que este a\u00f1o tuvo un enfoque solidario.<\/p>\n<p>La alcaldesa Daniela Norambuena destac\u00f3 que la celebraci\u00f3n busc\u00f3 mantener el v\u00ednculo con la comunidad y, al mismo tiempo, apoyar a quienes resultaron afectados por las precipitaciones.<\/p>\n<p>Seg\u00fan explic\u00f3 la jefa comunal, La Serena ha enfrentado hist\u00f3ricamente las dificultades junto a sus vecinos, por lo que este a\u00f1o se decidi\u00f3 dar un sentido diferente al aniversario, impulsando la econom\u00eda local y respaldando a los emprendedores.<\/p>\n<p>Uno de los principales hitos fue la realizaci\u00f3n de la <strong>Verbena Solidaria<\/strong>, actividad que reuni\u00f3 a m\u00e1s de 8 mil personas y que incorpor\u00f3 un centro de acopio destinado a reunir ayuda para las familias afectadas por las lluvias.<\/p>\n<p>La jornada tambi\u00e9n permiti\u00f3 la participaci\u00f3n de m\u00e1s de 800 emprendedores, quienes instalaron sus puestos sin costo para ellos, considerando las dificultades econ\u00f3micas que enfrentaron producto de las precipitaciones.<\/p>\n<p>A esto se sum\u00f3 la participaci\u00f3n gratuita de artistas y bandas locales, reduciendo de manera significativa el gasto asociado a la actividad.<\/p>\n<p>La Municipalidad de La Serena inform\u00f3 que la Verbena represent\u00f3 un desembolso de aproximadamente <strong>3,5 millones de pesos<\/strong>, cifra que permiti\u00f3 mantener una celebraci\u00f3n masiva y, al mismo tiempo, priorizar recursos para atender las necesidades surgidas producto de la emergencia.<\/p>\n<p>La alcaldesa Norambuena se\u00f1al\u00f3 que, en el actual escenario, existe la necesidad de administrar con especial responsabilidad los recursos municipales y concentrar los esfuerzos en las urgencias de la comunidad.<\/p>\n<p>De esta manera, el municipio destac\u00f3 que el aniversario 482 busc\u00f3 combinar la conmemoraci\u00f3n de la ciudad con acciones de apoyo a las familias afectadas y al comercio local, cerrando oficialmente las actividades con el izamiento de la bandera comunal en uno de los principales s\u00edmbolos de La Serena.<\/p>\n","protected":false},"excerpt":{"rendered":"<p>Con el tradicional izamiento de la bandera comunal en el Faro Monumental, la Municipalidad de La Serena puso t\u00e9rmino a las actividades oficiales por el aniversario n\u00famero 482 de la ciudad. La ceremonia, de car\u00e1cter interno, cont\u00f3 con la participaci\u00f3n de funcionarios municipales y concejales, y marc\u00f3 el cierre de un mes de celebraciones que &hellip;<\/p>\n","protected":false},"author":3,"featured_media":15485,"comment_status":"open","ping_status":"closed","sticky":false,"template":"","format":"standard","meta":{"footnotes":""},"categories":[2],"tags":[],"class_list":["post-15483","post","type-post","status-publish","format-standard","has-post-thumbnail","hentry","category-regionales"],"_links":{"self":[{"href":"https:\/\/www.elregional.cl\/index.php?rest_route=\/wp\/v2\/posts\/15483","targetHints":{"allow":["GET"]}}],"collection":[{"href":"https:\/\/www.elregional.cl\/index.php?rest_route=\/wp\/v2\/posts"}],"about":[{"href":"https:\/\/www.elregional.cl\/index.php?rest_route=\/wp\/v2\/types\/post"}],"author":[{"embeddable":true,"href":"https:\/\/www.elregional.cl\/index.php?rest_route=\/wp\/v2\/users\/3"}],"replies":[{"embeddable":true,"href":"https:\/\/www.elregional.cl\/index.php?rest_route=%2Fwp%2Fv2%2Fcomments&post=15483"}],"version-history":[{"count":1,"href":"https:\/\/www.elregional.cl\/index.php?rest_route=\/wp\/v2\/posts\/15483\/revisions"}],"predecessor-version":[{"id":15484,"href":"https:\/\/www.elregional.cl\/index.php?rest_route=\/wp\/v2\/posts\/15483\/revisions\/15484"}],"wp:featuredmedia":[{"embeddable":true,"href":"https:\/\/www.elregional.cl\/index.php?rest_route=\/wp\/v2\/media\/15485"}],"wp:attachment":[{"href":"https:\/\/www.elregional.cl\/index.php?rest_route=%2Fwp%2Fv2%2Fmedia&parent=15483"}],"wp:term":[{"taxonomy":"category","embeddable":true,"href":"https:\/\/www.elregional.cl\/index.php?rest_route=%2Fwp%2Fv2%2Fcategories&post=15483"},{"taxonomy":"post_tag","embeddable":true,"href":"https:\/\/www.elregional.cl\/index.php?rest_route=%2Fwp%2Fv2%2Ftags&post=15483"}],"curies":[{"name":"wp","href":"https:\/\/api.w.org\/{rel}","templated":true}]}}