{"id":15492,"date":"2026-09-01T08:47:33","date_gmt":"2026-09-01T12:47:33","guid":{"rendered":"https:\/\/www.elregional.cl\/?p=15492"},"modified":"2026-09-01T08:55:14","modified_gmt":"2026-09-01T12:55:14","slug":"imacec-economia-se-hunde-15-en-julio-y-sufre-su-mayor-caida-en-mas-de-tres-anos","status":"publish","type":"post","link":"https:\/\/www.elregional.cl\/?p=15492","title":{"rendered":"Imacec: Econom\u00eda se hunde 1,5% en julio y sufre su mayor ca\u00edda en m\u00e1s de tres a\u00f1os"},"content":{"rendered":"<p>La econom\u00eda chilena volvi\u00f3 a terreno negativo en julio. El \u00cdndice Mensual de Actividad Econ\u00f3mica, Imacec, registr\u00f3 una ca\u00edda de 1,5% en comparaci\u00f3n con el mismo mes del a\u00f1o anterior, seg\u00fan inform\u00f3 el Banco Central.<\/p>\n<p>El resultado estuvo por debajo de las expectativas de los analistas y marc\u00f3 el peor desempe\u00f1o de la actividad econ\u00f3mica en m\u00e1s de tres a\u00f1os.<\/p>\n<p>La cifra tambi\u00e9n representa un fuerte contraste con junio, cuando el Imacec hab\u00eda crecido 2,5% en doce meses, interrumpiendo una racha de cinco meses consecutivos de contracciones.<\/p>\n<p>Al comparar directamente julio con junio, y considerando las cifras desestacionalizadas, la actividad econ\u00f3mica registr\u00f3 una ca\u00edda de 1,7%.<\/p>\n<p>En t\u00e9rminos anuales, la principal incidencia negativa estuvo en el sector productor de bienes, que disminuy\u00f3 3,2%. La miner\u00eda fue el principal factor detr\u00e1s de este resultado, especialmente por el menor desempe\u00f1o de la producci\u00f3n de cobre.<\/p>\n<p>El Banco Central explic\u00f3 que la actividad minera estuvo afectada por menores leyes del mineral, trabajos de mantenci\u00f3n y condiciones clim\u00e1ticas adversas.<\/p>\n<p>La industria tambi\u00e9n registr\u00f3 una disminuci\u00f3n, principalmente por una menor elaboraci\u00f3n de combustibles y productos qu\u00edmicos. En contraste, el resto de los bienes aument\u00f3 3,4%, impulsado por una mayor generaci\u00f3n el\u00e9ctrica debido a la disponibilidad de agua.<\/p>\n<p>El comercio fue uno de los sectores que logr\u00f3 mantenerse en positivo. En doce meses, aument\u00f3 0,7%, principalmente por las mayores ventas minoristas de alimentos, vestuario y aquellas realizadas a trav\u00e9s de plataformas digitales.<\/p>\n<p>Sin embargo, al comparar julio con junio, el comercio retrocedi\u00f3 1,4% en t\u00e9rminos desestacionalizados.<\/p>\n<p>Los servicios, en tanto, disminuyeron 0,7% en doce meses. La baja estuvo relacionada con los servicios personales, empresariales, transporte, restaurantes y hoteles. Las suspensiones de clases producto de las condiciones clim\u00e1ticas tambi\u00e9n incidieron en el resultado.<\/p>\n<p>Por \u00faltimo, el Imacec no minero registr\u00f3 una ca\u00edda anual de 0,3%. En la comparaci\u00f3n mensual, es decir, entre julio y junio, retrocedi\u00f3 0,5% en t\u00e9rminos desestacionalizados.<\/p>\n<p>El Banco Central se\u00f1al\u00f3 que parte de los resultados de julio estuvo influida por las condiciones clim\u00e1ticas, que afectaron el normal funcionamiento de distintos establecimientos productivos.<\/p>\n<p>&nbsp;<\/p>\n","protected":false},"excerpt":{"rendered":"<p>La econom\u00eda chilena volvi\u00f3 a terreno negativo en julio. El \u00cdndice Mensual de Actividad Econ\u00f3mica, Imacec, registr\u00f3 una ca\u00edda de 1,5% en comparaci\u00f3n con el mismo mes del a\u00f1o anterior, seg\u00fan inform\u00f3 el Banco Central. El resultado estuvo por debajo de las expectativas de los analistas y marc\u00f3 el peor desempe\u00f1o de la actividad econ\u00f3mica &hellip;<\/p>\n","protected":false},"author":3,"featured_media":15494,"comment_status":"closed","ping_status":"closed","sticky":false,"template":"","format":"standard","meta":{"footnotes":""},"categories":[3,2],"tags":[],"class_list":["post-15492","post","type-post","status-publish","format-standard","has-post-thumbnail","hentry","category-pais","category-regionales"],"_links":{"self":[{"href":"https:\/\/www.elregional.cl\/index.php?rest_route=\/wp\/v2\/posts\/15492","targetHints":{"allow":["GET"]}}],"collection":[{"href":"https:\/\/www.elregional.cl\/index.php?rest_route=\/wp\/v2\/posts"}],"about":[{"href":"https:\/\/www.elregional.cl\/index.php?rest_route=\/wp\/v2\/types\/post"}],"author":[{"embeddable":true,"href":"https:\/\/www.elregional.cl\/index.php?rest_route=\/wp\/v2\/users\/3"}],"replies":[{"embeddable":true,"href":"https:\/\/www.elregional.cl\/index.php?rest_route=%2Fwp%2Fv2%2Fcomments&post=15492"}],"version-history":[{"count":1,"href":"https:\/\/www.elregional.cl\/index.php?rest_route=\/wp\/v2\/posts\/15492\/revisions"}],"predecessor-version":[{"id":15493,"href":"https:\/\/www.elregional.cl\/index.php?rest_route=\/wp\/v2\/posts\/15492\/revisions\/15493"}],"wp:featuredmedia":[{"embeddable":true,"href":"https:\/\/www.elregional.cl\/index.php?rest_route=\/wp\/v2\/media\/15494"}],"wp:attachment":[{"href":"https:\/\/www.elregional.cl\/index.php?rest_route=%2Fwp%2Fv2%2Fmedia&parent=15492"}],"wp:term":[{"taxonomy":"category","embeddable":true,"href":"https:\/\/www.elregional.cl\/index.php?rest_route=%2Fwp%2Fv2%2Fcategories&post=15492"},{"taxonomy":"post_tag","embeddable":true,"href":"https:\/\/www.elregional.cl\/index.php?rest_route=%2Fwp%2Fv2%2Ftags&post=15492"}],"curies":[{"name":"wp","href":"https:\/\/api.w.org\/{rel}","templated":true}]}}