{"id":15498,"date":"2026-09-01T08:54:40","date_gmt":"2026-09-01T12:54:40","guid":{"rendered":"https:\/\/www.elregional.cl\/?p=15498"},"modified":"2026-09-01T08:54:42","modified_gmt":"2026-09-01T12:54:42","slug":"hombre-de-45-anos-muere-tras-recibir-disparos-durante-la-madrugada-en-san-ramon","status":"publish","type":"post","link":"https:\/\/www.elregional.cl\/?p=15498","title":{"rendered":"Hombre de 45 a\u00f1os muere tras recibir disparos durante la madrugada en San Ram\u00f3n"},"content":{"rendered":"<p>&nbsp;<\/p>\n<p>La Brigada de Homicidios de la PDI investiga el asesinato de un hombre de 45 a\u00f1os ocurrido durante la madrugada de este martes en la poblaci\u00f3n La Bandera, comuna de San Ram\u00f3n.<\/p>\n<p>El hecho se registr\u00f3 cerca de las 03:00 horas, en la intersecci\u00f3n de las calles Almirante Latorre y Rivera, donde la v\u00edctima fue atacada con al menos seis disparos.<\/p>\n<p>De acuerdo con los antecedentes entregados por el fiscal Jos\u00e9 Manuel Mac-Namara, el hombre recibi\u00f3 un impacto bal\u00edstico en la zona del t\u00f3rax, con salida de proyectil, lesi\u00f3n que le provoc\u00f3 la muerte en el lugar.<\/p>\n<p>Los detectives realizan diligencias para esclarecer las circunstancias del crimen. Entre ellas, se encuentra la revisi\u00f3n de c\u00e1maras de seguridad y el empadronamiento de testigos, con el objetivo de establecer la din\u00e1mica del ataque y determinar la identidad del o los responsables.<\/p>\n<p>Una de las l\u00edneas investigativas apunta a un eventual ajuste de cuentas, considerando que la v\u00edctima manten\u00eda antecedentes penales. Sin embargo, el Ministerio P\u00fablico indic\u00f3 que tampoco se descarta la posibilidad de que el homicidio est\u00e9 relacionado con un intento de robo.<\/p>\n<p>La investigaci\u00f3n contin\u00faa en desarrollo para determinar el m\u00f3vil del crimen y establecer las responsabilidades correspondientes.<\/p>\n","protected":false},"excerpt":{"rendered":"<p>&nbsp; La Brigada de Homicidios de la PDI investiga el asesinato de un hombre de 45 a\u00f1os ocurrido durante la madrugada de este martes en la poblaci\u00f3n La Bandera, comuna de San Ram\u00f3n. El hecho se registr\u00f3 cerca de las 03:00 horas, en la intersecci\u00f3n de las calles Almirante Latorre y Rivera, donde la v\u00edctima &hellip;<\/p>\n","protected":false},"author":3,"featured_media":15500,"comment_status":"open","ping_status":"closed","sticky":false,"template":"","format":"standard","meta":{"footnotes":""},"categories":[3],"tags":[],"class_list":["post-15498","post","type-post","status-publish","format-standard","has-post-thumbnail","hentry","category-pais"],"_links":{"self":[{"href":"https:\/\/www.elregional.cl\/index.php?rest_route=\/wp\/v2\/posts\/15498","targetHints":{"allow":["GET"]}}],"collection":[{"href":"https:\/\/www.elregional.cl\/index.php?rest_route=\/wp\/v2\/posts"}],"about":[{"href":"https:\/\/www.elregional.cl\/index.php?rest_route=\/wp\/v2\/types\/post"}],"author":[{"embeddable":true,"href":"https:\/\/www.elregional.cl\/index.php?rest_route=\/wp\/v2\/users\/3"}],"replies":[{"embeddable":true,"href":"https:\/\/www.elregional.cl\/index.php?rest_route=%2Fwp%2Fv2%2Fcomments&post=15498"}],"version-history":[{"count":1,"href":"https:\/\/www.elregional.cl\/index.php?rest_route=\/wp\/v2\/posts\/15498\/revisions"}],"predecessor-version":[{"id":15499,"href":"https:\/\/www.elregional.cl\/index.php?rest_route=\/wp\/v2\/posts\/15498\/revisions\/15499"}],"wp:featuredmedia":[{"embeddable":true,"href":"https:\/\/www.elregional.cl\/index.php?rest_route=\/wp\/v2\/media\/15500"}],"wp:attachment":[{"href":"https:\/\/www.elregional.cl\/index.php?rest_route=%2Fwp%2Fv2%2Fmedia&parent=15498"}],"wp:term":[{"taxonomy":"category","embeddable":true,"href":"https:\/\/www.elregional.cl\/index.php?rest_route=%2Fwp%2Fv2%2Fcategories&post=15498"},{"taxonomy":"post_tag","embeddable":true,"href":"https:\/\/www.elregional.cl\/index.php?rest_route=%2Fwp%2Fv2%2Ftags&post=15498"}],"curies":[{"name":"wp","href":"https:\/\/api.w.org\/{rel}","templated":true}]}}