{"id":15501,"date":"2026-09-01T08:00:14","date_gmt":"2026-09-01T12:00:14","guid":{"rendered":"https:\/\/www.elregional.cl\/?p=15501"},"modified":"2026-09-01T09:04:44","modified_gmt":"2026-09-01T13:04:44","slug":"universidad-catolica-vence-a-ohiggins-sobre-el-final-y-recupera-el-subliderato-del-torneo-nacional","status":"publish","type":"post","link":"https:\/\/www.elregional.cl\/?p=15501","title":{"rendered":"Universidad Cat\u00f3lica vence a O\u2019Higgins sobre el final y recupera el subliderato del torneo Nacional"},"content":{"rendered":"<p>&nbsp;<\/p>\n<p>Universidad Cat\u00f3lica protagoniz\u00f3 un intenso partido ante O\u2019Higgins y consigui\u00f3 un ag\u00f3nico triunfo por 3-2 en el Claro Arena, en el cierre de la fecha 21 de la Liga de Primera.<\/p>\n<p>El conjunto cruzado comenz\u00f3 en desventaja luego de que Cristian Morales abriera la cuenta a los 13 minutos con un cabezazo. La respuesta de la UC lleg\u00f3 a los 26\u2019, cuando Fernando Zampedri apareci\u00f3 en el \u00e1rea para establecer el 1-1.<\/p>\n<p>La jugada m\u00e1s pol\u00e9mica del encuentro se produjo antes del descanso. El \u00e1rbitro Juan Lara acudi\u00f3 al VAR para revisar una acci\u00f3n que inicialmente hab\u00eda terminado en gol de O\u2019Higgins. Tras la revisi\u00f3n, anul\u00f3 la conquista y sancion\u00f3 penal a favor de Universidad Cat\u00f3lica.<\/p>\n<p>Desde los doce pasos, Zampedri no fall\u00f3 y marc\u00f3 su segundo tanto de la jornada a los 40 minutos, dejando a la UC en ventaja al t\u00e9rmino de la primera parte.<\/p>\n<p>En el complemento, O\u2019Higgins sali\u00f3 decidido a buscar el empate y encontr\u00f3 premio a los 70\u2019. Arnaldo Castillo conect\u00f3 de cabeza un tiro de esquina y puso nuevamente la igualdad en el marcador.<\/p>\n<p>El cuadro rancag\u00fcino estuvo cerca de llevarse el partido, pero el arquero cruzado Vicente Bernedo fue clave con varias intervenciones que mantuvieron con vida a su equipo.<\/p>\n<p>Cuando el empate parec\u00eda definitivo, Mart\u00edn G\u00f3mez apareci\u00f3 a los 87 minutos para marcar el gol del triunfo y desatar los festejos en el Claro Arena.<\/p>\n<p>Con la victoria, Universidad Cat\u00f3lica lleg\u00f3 a 36 puntos y recuper\u00f3 el segundo lugar de la tabla, igualando en unidades a Universidad de Chile, pero con una mejor diferencia de gol.<\/p>\n<p>La UC ahora deber\u00e1 visitar a Everton el s\u00e1bado 5 de septiembre, desde las 17:30 horas, en el estadio Sausalito.<\/p>\n<p>O\u2019Higgins, en tanto, se mantuvo en el und\u00e9cimo lugar con 24 puntos y buscar\u00e1 recuperarse frente a Uni\u00f3n La Calera, el domingo 6 de septiembre a las 14:45 horas, en el estadio El Teniente.<\/p>\n","protected":false},"excerpt":{"rendered":"<p>&nbsp; Universidad Cat\u00f3lica protagoniz\u00f3 un intenso partido ante O\u2019Higgins y consigui\u00f3 un ag\u00f3nico triunfo por 3-2 en el Claro Arena, en el cierre de la fecha 21 de la Liga de Primera. El conjunto cruzado comenz\u00f3 en desventaja luego de que Cristian Morales abriera la cuenta a los 13 minutos con un cabezazo. La respuesta &hellip;<\/p>\n","protected":false},"author":3,"featured_media":15503,"comment_status":"open","ping_status":"closed","sticky":false,"template":"","format":"standard","meta":{"footnotes":""},"categories":[5],"tags":[],"class_list":["post-15501","post","type-post","status-publish","format-standard","has-post-thumbnail","hentry","category-deportes"],"_links":{"self":[{"href":"https:\/\/www.elregional.cl\/index.php?rest_route=\/wp\/v2\/posts\/15501","targetHints":{"allow":["GET"]}}],"collection":[{"href":"https:\/\/www.elregional.cl\/index.php?rest_route=\/wp\/v2\/posts"}],"about":[{"href":"https:\/\/www.elregional.cl\/index.php?rest_route=\/wp\/v2\/types\/post"}],"author":[{"embeddable":true,"href":"https:\/\/www.elregional.cl\/index.php?rest_route=\/wp\/v2\/users\/3"}],"replies":[{"embeddable":true,"href":"https:\/\/www.elregional.cl\/index.php?rest_route=%2Fwp%2Fv2%2Fcomments&post=15501"}],"version-history":[{"count":1,"href":"https:\/\/www.elregional.cl\/index.php?rest_route=\/wp\/v2\/posts\/15501\/revisions"}],"predecessor-version":[{"id":15502,"href":"https:\/\/www.elregional.cl\/index.php?rest_route=\/wp\/v2\/posts\/15501\/revisions\/15502"}],"wp:featuredmedia":[{"embeddable":true,"href":"https:\/\/www.elregional.cl\/index.php?rest_route=\/wp\/v2\/media\/15503"}],"wp:attachment":[{"href":"https:\/\/www.elregional.cl\/index.php?rest_route=%2Fwp%2Fv2%2Fmedia&parent=15501"}],"wp:term":[{"taxonomy":"category","embeddable":true,"href":"https:\/\/www.elregional.cl\/index.php?rest_route=%2Fwp%2Fv2%2Fcategories&post=15501"},{"taxonomy":"post_tag","embeddable":true,"href":"https:\/\/www.elregional.cl\/index.php?rest_route=%2Fwp%2Fv2%2Ftags&post=15501"}],"curies":[{"name":"wp","href":"https:\/\/api.w.org\/{rel}","templated":true}]}}