{"id":15504,"date":"2026-09-01T08:00:28","date_gmt":"2026-09-01T12:00:28","guid":{"rendered":"https:\/\/www.elregional.cl\/?p=15504"},"modified":"2026-09-01T09:10:29","modified_gmt":"2026-09-01T13:10:29","slug":"autoridades-regionales-se-despliegan-en-sectores-rurales-de-tierra-amarilla-para-escuchar-y-responder-a-las-comunidades","status":"publish","type":"post","link":"https:\/\/www.elregional.cl\/?p=15504","title":{"rendered":"Autoridades Regionales se despliegan en sectores rurales de Tierra Amarilla para escuchar y responder a las comunidades"},"content":{"rendered":"<p align=\"justify\"><strong>Encabezados por la delegada presidencial regional de Atacama, seremis, servicios p\u00fablicos y autoridades comunales, recorrieron Fundo Rodeo y Juntas del Potro abordando directamente las necesidades de las familias y coordinando respuestas desde el Estado.<\/strong><!--more--><\/p>\n<p align=\"justify\">\n<p align=\"justify\">\n<p align=\"justify\">\n<p style=\"text-align: left;\" align=\"justify\">Estar en terreno, escuchar a las comunidades y avanzar en respuestas concretas fue el objetivo del despliegue encabezado por la delegada presidencial regional de Atacama, Sof\u00eda Cid Versalovic, en distintos sectores del interior de la comuna de Tierra Amarilla.<\/p>\n<p style=\"text-align: left;\" align=\"justify\">Junto a autoridades regionales y servicios p\u00fablicos, la delegada recorri\u00f3 Fundo Rodeo y Juntas del Potro, donde sostuvo encuentros con vecinos y familias para conocer directamente sus principales necesidades, levantar requerimientos y fortalecer la coordinaci\u00f3n entre el Gobierno, el municipio y las comunidades.<\/p>\n<p style=\"text-align: left;\" align=\"justify\">En Fundo Rodeo, junto a la seremi de Desarrollo Social y Familia, Jessica G\u00f3mez; el seremi de Agricultura, Guillermo Procuriza; y el seremi (s) de Econom\u00eda, Jonathan Carmona, se concret\u00f3 a trav\u00e9s de del programa de Desarrollo de Acci\u00f3n Local (Prodesal) de INDAP, la entrega de 300 kilos de alimento para aves, como apoyo directo a familias y productores del sector.<\/p>\n<p style=\"text-align: left;\" align=\"justify\">Al respecto, la delegada Sof\u00eda Cid, destac\u00f3 que \u201cel Presidente Jos\u00e9 Antonio Kast nos ha pedido mantener un Gobierno presente, cercano y conectado con las necesidades reales de las personas. Por eso estamos recorriendo los sectores del interior de Tierra Amarilla, escuchando a sus familias y coordinando soluciones. En Fundo Rodeo llegamos con un apoyo concreto de 300 kilos de alimento para aves y seguimos levantando las necesidades que requieren respuesta de nuestros servicios p\u00fablicos\u201d.<\/p>\n<p style=\"text-align: left;\" align=\"justify\">Por su parte, Jessica Maturana, usuaria Prodesal de la unidad operativa de Tierra Amarilla de INDAP, se\u00f1al\u00f3 que \u201cLa visita fue muy buena, yo lo esperaba con ansias. Me trajeron alimento desde Indap para las aves, que no ten\u00eda ya que se me moj\u00f3 con la lluvia. Estoy agradecida de porque visitaron adem\u00e1s corral por corral, las aves, el pavo real, una situaci\u00f3n del r\u00edo, adem\u00e1s de entregarme orientaciones agr\u00edcolas, por lo que me sent\u00ed apoyada y que no estoy sola, porque es fundamental sobre todo cuando uno tiene tantos animales y con esto puedo desenvolverme bien, estar m\u00e1s tranquila y pasar los malestares que hemos sufrido con las lluvias\u201d.<\/p>\n<p style=\"text-align: left;\" align=\"justify\">Posteriormente, el despliegue continu\u00f3 hasta Juntas del Potro, desarroll\u00e1ndose una reuni\u00f3n con vecinos del sector en la sede de la Junta de Vecinos Valle Unido. La jornada cont\u00f3 con la participaci\u00f3n de la seremi de Obras P\u00fablicas, Paula Guerrero; representantes de la Direcci\u00f3n de Obras Hidr\u00e1ulicas (DOH), Direcci\u00f3n General de Aguas (DGA) y Vialidad; adem\u00e1s de la Junta de Vigilancia del R\u00edo Copiap\u00f3 y el alcalde de Tierra Amarilla, Crist\u00f3bal Z\u00fa\u00f1iga.<\/p>\n<p style=\"text-align: left;\" align=\"justify\">Instancia, en que los vecinos pudieron plantear directamente sus inquietudes y necesidades a las autoridades, permitiendo revisar en terreno distintas materias y establecer coordinaciones entre los organismos competentes para avanzar en su atenci\u00f3n en el territorio que se vio afectado por los eventos meteorol\u00f3gicos recientes.<\/p>\n<p style=\"text-align: left;\" align=\"justify\">\u201cCuando llegamos a sectores como Juntas del Potro, lo importante es que los vecinos puedan hablar directamente con quienes tienen responsabilidades a trav\u00e9s del Gobierno y los servicios p\u00fablicos, las alianzas p\u00fablico-privadas y las familias, para buscar soluciones entre todos los actores presentes. No queremos una gesti\u00f3n desde el escritorio: queremos estar en terreno, escuchar, coordinar y hacer seguimiento. Esa es la manera en que estamos trabajando por las comunidades de Atacama\u201d, agreg\u00f3 Sof\u00eda Cid.<\/p>\n<p style=\"text-align: left;\" align=\"justify\">Para finalizar, Lady Cruz, destac\u00f3 la instancia \u201cPara nosotros es muy importante que la delegada junto a las autoridades est\u00e9n presentes en esta reuni\u00f3n, donde los vecinos realizaron sus preguntas y fueron respondidas por los responsables de los servicios del Gobierno sobre lo que nos afecta en el valle y las consecuencias que dejaron las lluvias. Tambi\u00e9n, el poder coordinar el continuar con la recuperaci\u00f3n de los caminos, los cauces y el r\u00edo en los predios de los vecinos que tanto lo necesitan para continuar con sus cultivos\u201d.<\/p>\n<p style=\"text-align: left;\" align=\"justify\">El despliegue forma parte del trabajo territorial que desarrolla la Delegaci\u00f3n Presidencial Regional junto a seremis y servicios p\u00fablicos, con el objetivo de acercar la gesti\u00f3n del Gobierno a las localidades m\u00e1s apartadas y fortalecer una respuesta coordinada a las necesidades de las comunidades de Atacama.<\/p>\n<p style=\"text-align: left;\" align=\"justify\">\n","protected":false},"excerpt":{"rendered":"<p>Encabezados por la delegada presidencial regional de Atacama, seremis, servicios p\u00fablicos y autoridades comunales, recorrieron Fundo Rodeo y Juntas del Potro abordando directamente las necesidades de las familias y coordinando respuestas desde el Estado. Estar en terreno, escuchar a las comunidades y avanzar en respuestas concretas fue el objetivo del despliegue encabezado por la delegada &hellip;<\/p>\n","protected":false},"author":3,"featured_media":15506,"comment_status":"open","ping_status":"closed","sticky":false,"template":"","format":"standard","meta":{"footnotes":""},"categories":[16],"tags":[],"class_list":["post-15504","post","type-post","status-publish","format-standard","has-post-thumbnail","hentry","category-atacama"],"_links":{"self":[{"href":"https:\/\/www.elregional.cl\/index.php?rest_route=\/wp\/v2\/posts\/15504","targetHints":{"allow":["GET"]}}],"collection":[{"href":"https:\/\/www.elregional.cl\/index.php?rest_route=\/wp\/v2\/posts"}],"about":[{"href":"https:\/\/www.elregional.cl\/index.php?rest_route=\/wp\/v2\/types\/post"}],"author":[{"embeddable":true,"href":"https:\/\/www.elregional.cl\/index.php?rest_route=\/wp\/v2\/users\/3"}],"replies":[{"embeddable":true,"href":"https:\/\/www.elregional.cl\/index.php?rest_route=%2Fwp%2Fv2%2Fcomments&post=15504"}],"version-history":[{"count":1,"href":"https:\/\/www.elregional.cl\/index.php?rest_route=\/wp\/v2\/posts\/15504\/revisions"}],"predecessor-version":[{"id":15505,"href":"https:\/\/www.elregional.cl\/index.php?rest_route=\/wp\/v2\/posts\/15504\/revisions\/15505"}],"wp:featuredmedia":[{"embeddable":true,"href":"https:\/\/www.elregional.cl\/index.php?rest_route=\/wp\/v2\/media\/15506"}],"wp:attachment":[{"href":"https:\/\/www.elregional.cl\/index.php?rest_route=%2Fwp%2Fv2%2Fmedia&parent=15504"}],"wp:term":[{"taxonomy":"category","embeddable":true,"href":"https:\/\/www.elregional.cl\/index.php?rest_route=%2Fwp%2Fv2%2Fcategories&post=15504"},{"taxonomy":"post_tag","embeddable":true,"href":"https:\/\/www.elregional.cl\/index.php?rest_route=%2Fwp%2Fv2%2Ftags&post=15504"}],"curies":[{"name":"wp","href":"https:\/\/api.w.org\/{rel}","templated":true}]}}