{"id":15507,"date":"2026-09-01T09:36:34","date_gmt":"2026-09-01T13:36:34","guid":{"rendered":"https:\/\/www.elregional.cl\/?p=15507"},"modified":"2026-09-01T09:36:35","modified_gmt":"2026-09-01T13:36:35","slug":"delegada-sofia-cid-y-director-regional-de-senapred-informan-nuevo-traslado-aereo-de-ayuda-humanitaria","status":"publish","type":"post","link":"https:\/\/www.elregional.cl\/?p=15507","title":{"rendered":"Delegada Sof\u00eda Cid y director regional de SENAPRED, informan nuevo traslado a\u00e9reo de ayuda humanitaria"},"content":{"rendered":"<p>&nbsp;<\/p>\n<p>La Delegada Presidencial Regional de Atacama, Sof\u00eda Cid Versalovic, inform\u00f3 desde el Aeropuerto Desierto de Atacama un nuevo despliegue a\u00e9reo para trasladar alimentos y agua potable hacia sectores de dif\u00edcil acceso, debido a que la activaci\u00f3n de quebradas contin\u00faa dificultando la conectividad terrestre. La autoridad destac\u00f3 el apoyo de la Fuerza A\u00e9rea de Chile y el trabajo de Vialidad para recuperar los caminos afectados.<\/p>\n<p>Por su parte, el director regional de SENAPRED Atacama, Roberto Mu\u00f1oz Heckersdorf, explic\u00f3 que se mantienen los traslados a\u00e9reos de ayuda humanitaria hacia comunidades que contin\u00faan en condici\u00f3n de aislamiento. Se\u00f1al\u00f3 que el helic\u00f3ptero de la Fuerza A\u00e9rea, coordinado a trav\u00e9s del Estado Mayor Conjunto, permitir\u00e1 llevar elementos de primera necesidad mientras contin\u00faan paralelamente los trabajos de acceso por tierra.<\/p>\n<p>Ambas autoridades destacaron que el Sistema Nacional de Prevenci\u00f3n y Respuesta ante Desastres contin\u00faa trabajando de manera coordinada para llegar con apoyo a las comunidades m\u00e1s afectadas por los eventos meteorol\u00f3gicos registrados durante julio y agosto.<\/p>\n","protected":false},"excerpt":{"rendered":"<p>&nbsp; La Delegada Presidencial Regional de Atacama, Sof\u00eda Cid Versalovic, inform\u00f3 desde el Aeropuerto Desierto de Atacama un nuevo despliegue a\u00e9reo para trasladar alimentos y agua potable hacia sectores de dif\u00edcil acceso, debido a que la activaci\u00f3n de quebradas contin\u00faa dificultando la conectividad terrestre. La autoridad destac\u00f3 el apoyo de la Fuerza A\u00e9rea de Chile &hellip;<\/p>\n","protected":false},"author":3,"featured_media":15509,"comment_status":"open","ping_status":"closed","sticky":false,"template":"","format":"standard","meta":{"footnotes":""},"categories":[16],"tags":[],"class_list":["post-15507","post","type-post","status-publish","format-standard","has-post-thumbnail","hentry","category-atacama"],"_links":{"self":[{"href":"https:\/\/www.elregional.cl\/index.php?rest_route=\/wp\/v2\/posts\/15507","targetHints":{"allow":["GET"]}}],"collection":[{"href":"https:\/\/www.elregional.cl\/index.php?rest_route=\/wp\/v2\/posts"}],"about":[{"href":"https:\/\/www.elregional.cl\/index.php?rest_route=\/wp\/v2\/types\/post"}],"author":[{"embeddable":true,"href":"https:\/\/www.elregional.cl\/index.php?rest_route=\/wp\/v2\/users\/3"}],"replies":[{"embeddable":true,"href":"https:\/\/www.elregional.cl\/index.php?rest_route=%2Fwp%2Fv2%2Fcomments&post=15507"}],"version-history":[{"count":1,"href":"https:\/\/www.elregional.cl\/index.php?rest_route=\/wp\/v2\/posts\/15507\/revisions"}],"predecessor-version":[{"id":15508,"href":"https:\/\/www.elregional.cl\/index.php?rest_route=\/wp\/v2\/posts\/15507\/revisions\/15508"}],"wp:featuredmedia":[{"embeddable":true,"href":"https:\/\/www.elregional.cl\/index.php?rest_route=\/wp\/v2\/media\/15509"}],"wp:attachment":[{"href":"https:\/\/www.elregional.cl\/index.php?rest_route=%2Fwp%2Fv2%2Fmedia&parent=15507"}],"wp:term":[{"taxonomy":"category","embeddable":true,"href":"https:\/\/www.elregional.cl\/index.php?rest_route=%2Fwp%2Fv2%2Fcategories&post=15507"},{"taxonomy":"post_tag","embeddable":true,"href":"https:\/\/www.elregional.cl\/index.php?rest_route=%2Fwp%2Fv2%2Ftags&post=15507"}],"curies":[{"name":"wp","href":"https:\/\/api.w.org\/{rel}","templated":true}]}}