{"id":15513,"date":"2026-09-01T11:29:28","date_gmt":"2026-09-01T15:29:28","guid":{"rendered":"https:\/\/www.elregional.cl\/?p=15513"},"modified":"2026-09-01T11:29:29","modified_gmt":"2026-09-01T15:29:29","slug":"riada-en-la-frontera-entre-nepal-y-china-deja-mas-de-mil-muertos-y-4-400-desaparecidos","status":"publish","type":"post","link":"https:\/\/www.elregional.cl\/?p=15513","title":{"rendered":"Riada en la frontera entre Nepal y China deja m\u00e1s de mil muertos y 4.400 desaparecidos"},"content":{"rendered":"<p data-pm-slice=\"1 1 []\">\n<p>El balance de la masiva riada que afect\u00f3 la zona fronteriza entre Nepal y China ya supera el millar de fallecidos, mientras m\u00e1s de cuatro mil personas contin\u00faan sin ser localizadas, de acuerdo con los \u00faltimos reportes de las autoridades de ambos pa\u00edses.<\/p>\n<p>En Nepal, la Autoridad Nacional para la Reducci\u00f3n y Gesti\u00f3n del Riesgo de Desastres elev\u00f3 a 987 la cantidad de cuerpos recuperados. Al mismo tiempo, redujo a 3.916 el n\u00famero de personas desaparecidas, luego de actualizar los registros correspondientes a trabajadores de proyectos hidroel\u00e9ctricos.<\/p>\n<p>En el T\u00edbet, China mantiene un balance de 16 personas fallecidas y 546 desaparecidas.<\/p>\n<p>Con ambas cifras, la cat\u00e1strofe deja hasta ahora un total de 1.003 muertos y 4.462 personas que permanecen sin ser localizadas a ambos lados de la frontera.<\/p>\n<p>Las autoridades nepal\u00edes explicaron que la reducci\u00f3n de la cifra de desaparecidos se debe principalmente a la recuperaci\u00f3n de los servicios de electricidad y telecomunicaciones en las zonas m\u00e1s aisladas. Las 110 torres de telefon\u00eda de Nepal Telecom que hab\u00edan resultado afectadas ya se encuentran nuevamente operativas.<\/p>\n<p>Uno de los principales focos de preocupaci\u00f3n corresponde a los trabajadores de proyectos hidroel\u00e9ctricos. El registro de personas desaparecidas en este grupo baj\u00f3 de 933 a 639. Las autoridades creen que algunos podr\u00edan encontrarse atrapados en t\u00faneles subterr\u00e1neos que resultaron inundados.<\/p>\n<p>Adem\u00e1s, al menos 583 ciudadanos extranjeros contin\u00faan sin ser localizados.<\/p>\n<p>En la s\u00e9ptima jornada de b\u00fasqueda y rescate participan m\u00e1s de 21 mil efectivos de las fuerzas de seguridad de Nepal, entre ellos cerca de 8.900 militares, m\u00e1s de 7.900 polic\u00edas y unos 4.200 integrantes de la Fuerza de Polic\u00eda Armada.<\/p>\n<p>Las operaciones se extienden por m\u00e1s de 150 kil\u00f3metros de territorio afectado por la riada.<\/p>\n<p>Desde el inicio de la emergencia, el Ej\u00e9rcito nepal\u00ed ha realizado 573 vuelos en helic\u00f3ptero y ha permitido evacuar a 11.814 personas desde las zonas afectadas.<\/p>\n","protected":false},"excerpt":{"rendered":"<p>El balance de la masiva riada que afect\u00f3 la zona fronteriza entre Nepal y China ya supera el millar de fallecidos, mientras m\u00e1s de cuatro mil personas contin\u00faan sin ser localizadas, de acuerdo con los \u00faltimos reportes de las autoridades de ambos pa\u00edses. En Nepal, la Autoridad Nacional para la Reducci\u00f3n y Gesti\u00f3n del Riesgo &hellip;<\/p>\n","protected":false},"author":3,"featured_media":15515,"comment_status":"open","ping_status":"closed","sticky":false,"template":"","format":"standard","meta":{"footnotes":""},"categories":[4],"tags":[],"class_list":["post-15513","post","type-post","status-publish","format-standard","has-post-thumbnail","hentry","category-internacional"],"_links":{"self":[{"href":"https:\/\/www.elregional.cl\/index.php?rest_route=\/wp\/v2\/posts\/15513","targetHints":{"allow":["GET"]}}],"collection":[{"href":"https:\/\/www.elregional.cl\/index.php?rest_route=\/wp\/v2\/posts"}],"about":[{"href":"https:\/\/www.elregional.cl\/index.php?rest_route=\/wp\/v2\/types\/post"}],"author":[{"embeddable":true,"href":"https:\/\/www.elregional.cl\/index.php?rest_route=\/wp\/v2\/users\/3"}],"replies":[{"embeddable":true,"href":"https:\/\/www.elregional.cl\/index.php?rest_route=%2Fwp%2Fv2%2Fcomments&post=15513"}],"version-history":[{"count":1,"href":"https:\/\/www.elregional.cl\/index.php?rest_route=\/wp\/v2\/posts\/15513\/revisions"}],"predecessor-version":[{"id":15514,"href":"https:\/\/www.elregional.cl\/index.php?rest_route=\/wp\/v2\/posts\/15513\/revisions\/15514"}],"wp:featuredmedia":[{"embeddable":true,"href":"https:\/\/www.elregional.cl\/index.php?rest_route=\/wp\/v2\/media\/15515"}],"wp:attachment":[{"href":"https:\/\/www.elregional.cl\/index.php?rest_route=%2Fwp%2Fv2%2Fmedia&parent=15513"}],"wp:term":[{"taxonomy":"category","embeddable":true,"href":"https:\/\/www.elregional.cl\/index.php?rest_route=%2Fwp%2Fv2%2Fcategories&post=15513"},{"taxonomy":"post_tag","embeddable":true,"href":"https:\/\/www.elregional.cl\/index.php?rest_route=%2Fwp%2Fv2%2Ftags&post=15513"}],"curies":[{"name":"wp","href":"https:\/\/api.w.org\/{rel}","templated":true}]}}