{"id":15516,"date":"2026-09-01T11:35:32","date_gmt":"2026-09-01T15:35:32","guid":{"rendered":"https:\/\/www.elregional.cl\/?p=15516"},"modified":"2026-09-01T11:35:33","modified_gmt":"2026-09-01T15:35:33","slug":"anfp-decide-que-el-suspendido-duelo-entre-coquimbo-unido-y-huachipato-debe-continuar","status":"publish","type":"post","link":"https:\/\/www.elregional.cl\/?p=15516","title":{"rendered":"ANFP decide que el suspendido duelo entre Coquimbo Unido y Huachipato debe continuar"},"content":{"rendered":"<p>&nbsp;<\/p>\n<p>El suspendido partido entre Coquimbo Unido y Huachipato, correspondiente a la Liga de Primera, deber\u00e1 continuar en cancha luego de que el directorio de la ANFP resolviera que el encuentro no quedar\u00e1 terminado de manera anticipada.<\/p>\n<p>El compromiso fue suspendido el pasado domingo en el estadio Francisco S\u00e1nchez Rumoroso, cuando se disputaban 68 minutos y 15 segundos. El \u00e1rbitro Nicol\u00e1s Gamboa tom\u00f3 la decisi\u00f3n luego del lanzamiento de elementos pirot\u00e9cnicos desde la Galer\u00eda Norte.<\/p>\n<p>De acuerdo con el informe del juez, al menos cuatro bombas de estruendo impactaron o cayeron directamente sobre el arquero de Huachipato, Christian Bravo, quien result\u00f3 afectado por la situaci\u00f3n y contin\u00faa en observaci\u00f3n en la regi\u00f3n del Biob\u00edo.<\/p>\n<p>Tras analizar los antecedentes, el directorio de la ANFP determin\u00f3 que el partido debe completarse debido a que todav\u00eda restaban cerca de 30 minutos de juego y el resultado permanec\u00eda abierto.<\/p>\n<p>Entre los argumentos considerados tambi\u00e9n estuvo la necesidad de evitar que situaciones protagonizadas por hinchas violentos tengan una incidencia mayor en la definici\u00f3n de los partidos.<\/p>\n<p>La fecha y el estadio donde se disputar\u00e1n los minutos restantes todav\u00eda no han sido definidos. La programaci\u00f3n del encuentro qued\u00f3 condicionada, adem\u00e1s, al cuaderno de cargos que deber\u00e1 presentar TNT respecto de lo ocurrido durante el compromiso.<\/p>\n","protected":false},"excerpt":{"rendered":"<p>&nbsp; El suspendido partido entre Coquimbo Unido y Huachipato, correspondiente a la Liga de Primera, deber\u00e1 continuar en cancha luego de que el directorio de la ANFP resolviera que el encuentro no quedar\u00e1 terminado de manera anticipada. El compromiso fue suspendido el pasado domingo en el estadio Francisco S\u00e1nchez Rumoroso, cuando se disputaban 68 minutos &hellip;<\/p>\n","protected":false},"author":3,"featured_media":15518,"comment_status":"open","ping_status":"closed","sticky":false,"template":"","format":"standard","meta":{"footnotes":""},"categories":[13,5],"tags":[],"class_list":["post-15516","post","type-post","status-publish","format-standard","has-post-thumbnail","hentry","category-coquimbo","category-deportes"],"_links":{"self":[{"href":"https:\/\/www.elregional.cl\/index.php?rest_route=\/wp\/v2\/posts\/15516","targetHints":{"allow":["GET"]}}],"collection":[{"href":"https:\/\/www.elregional.cl\/index.php?rest_route=\/wp\/v2\/posts"}],"about":[{"href":"https:\/\/www.elregional.cl\/index.php?rest_route=\/wp\/v2\/types\/post"}],"author":[{"embeddable":true,"href":"https:\/\/www.elregional.cl\/index.php?rest_route=\/wp\/v2\/users\/3"}],"replies":[{"embeddable":true,"href":"https:\/\/www.elregional.cl\/index.php?rest_route=%2Fwp%2Fv2%2Fcomments&post=15516"}],"version-history":[{"count":1,"href":"https:\/\/www.elregional.cl\/index.php?rest_route=\/wp\/v2\/posts\/15516\/revisions"}],"predecessor-version":[{"id":15517,"href":"https:\/\/www.elregional.cl\/index.php?rest_route=\/wp\/v2\/posts\/15516\/revisions\/15517"}],"wp:featuredmedia":[{"embeddable":true,"href":"https:\/\/www.elregional.cl\/index.php?rest_route=\/wp\/v2\/media\/15518"}],"wp:attachment":[{"href":"https:\/\/www.elregional.cl\/index.php?rest_route=%2Fwp%2Fv2%2Fmedia&parent=15516"}],"wp:term":[{"taxonomy":"category","embeddable":true,"href":"https:\/\/www.elregional.cl\/index.php?rest_route=%2Fwp%2Fv2%2Fcategories&post=15516"},{"taxonomy":"post_tag","embeddable":true,"href":"https:\/\/www.elregional.cl\/index.php?rest_route=%2Fwp%2Fv2%2Ftags&post=15516"}],"curies":[{"name":"wp","href":"https:\/\/api.w.org\/{rel}","templated":true}]}}