{"id":15519,"date":"2026-09-01T12:22:42","date_gmt":"2026-09-01T16:22:42","guid":{"rendered":"https:\/\/www.elregional.cl\/?p=15519"},"modified":"2026-09-01T12:22:44","modified_gmt":"2026-09-01T16:22:44","slug":"carabineros-concreto-mas-de-218-mil-procedimientos-y-detuvo-a-6-127-personas-en-coquimbo-durante-2025","status":"publish","type":"post","link":"https:\/\/www.elregional.cl\/?p=15519","title":{"rendered":"Carabineros concret\u00f3 m\u00e1s de 218 mil procedimientos y detuvo a 6.127 personas en Coquimbo durante 2025"},"content":{"rendered":"<p>Un promedio de 25 procedimientos por hora. Esa fue parte de la respuesta que Carabineros entreg\u00f3 a los vecinos de Coquimbo durante 2025, a\u00f1o en que fortaleci\u00f3 su presencia preventiva y operativa en distintos sectores de la comuna.<\/p>\n<p>De acuerdo con la Cuenta P\u00fablica de la Segunda Comisar\u00eda Coquimbo, durante el periodo se desarrollaron 218.921 procedimientos policiales, equivalentes a 600 cada d\u00eda. La cifra representa un aumento de 13,7% respecto de 2024, con 26.407 intervenciones adicionales.<\/p>\n<p>El despliegue tambi\u00e9n permiti\u00f3 detener a 6.127 personas, un 8% m\u00e1s que el a\u00f1o anterior. De ellas, 1.504 fueron aprehendidas por delitos de mayor connotaci\u00f3n social, principalmente lesiones, hurtos y robos.<\/p>\n<p>A estos resultados se suma la incautaci\u00f3n y entrega voluntaria de 293 armas: 31 de fuego, 173 blancas y otras 89 entregadas por sus propietarios. Adem\u00e1s, Carabineros sac\u00f3 de circulaci\u00f3n 399 municiones y m\u00e1s de 1.500 fuegos de artificio.<\/p>\n<p>\u201cM\u00e1s que cifras, estos resultados son respuestas concretas para la comunidad. Cada arma que sacamos de circulaci\u00f3n representa vidas a salvo; cada detenido es un riesgo menos en las calles; cada veh\u00edculo recuperado significa devolverle la tranquilidad a una familia, y cada control es prevenci\u00f3n en terreno. Detr\u00e1s de estos n\u00fameros hay carabineros desplegados d\u00eda y noche, trabajando para que nuestros vecinos se sientan y est\u00e9n m\u00e1s seguros\u201d, destac\u00f3 el comisario de la Segunda Comisar\u00eda Coquimbo, mayor David Gallardo.<\/p>\n<p>La prevenci\u00f3n tambi\u00e9n tuvo un rol central durante el a\u00f1o, con 148.108 controles y fiscalizaciones. De ellos, m\u00e1s de 96 mil estuvieron dirigidos a personas y otros 51 mil correspondieron a controles vehiculares, reforzando la presencia policial en las calles y la detecci\u00f3n oportuna de delitos e incivilidades.<\/p>\n<p>Finalmente, en materia vial, este trabajo se tradujo en m\u00e1s de 38 mil infracciones al tr\u00e1nsito y permiti\u00f3 detectar a 244 conductores en estado de ebriedad, 61 bajo la influencia del alcohol y 18 bajo los efectos de drogas.<\/p>\n","protected":false},"excerpt":{"rendered":"<p>Un promedio de 25 procedimientos por hora. Esa fue parte de la respuesta que Carabineros entreg\u00f3 a los vecinos de Coquimbo durante 2025, a\u00f1o en que fortaleci\u00f3 su presencia preventiva y operativa en distintos sectores de la comuna. De acuerdo con la Cuenta P\u00fablica de la Segunda Comisar\u00eda Coquimbo, durante el periodo se desarrollaron 218.921 &hellip;<\/p>\n","protected":false},"author":3,"featured_media":15521,"comment_status":"open","ping_status":"closed","sticky":false,"template":"","format":"standard","meta":{"footnotes":""},"categories":[2],"tags":[],"class_list":["post-15519","post","type-post","status-publish","format-standard","has-post-thumbnail","hentry","category-regionales"],"_links":{"self":[{"href":"https:\/\/www.elregional.cl\/index.php?rest_route=\/wp\/v2\/posts\/15519","targetHints":{"allow":["GET"]}}],"collection":[{"href":"https:\/\/www.elregional.cl\/index.php?rest_route=\/wp\/v2\/posts"}],"about":[{"href":"https:\/\/www.elregional.cl\/index.php?rest_route=\/wp\/v2\/types\/post"}],"author":[{"embeddable":true,"href":"https:\/\/www.elregional.cl\/index.php?rest_route=\/wp\/v2\/users\/3"}],"replies":[{"embeddable":true,"href":"https:\/\/www.elregional.cl\/index.php?rest_route=%2Fwp%2Fv2%2Fcomments&post=15519"}],"version-history":[{"count":1,"href":"https:\/\/www.elregional.cl\/index.php?rest_route=\/wp\/v2\/posts\/15519\/revisions"}],"predecessor-version":[{"id":15520,"href":"https:\/\/www.elregional.cl\/index.php?rest_route=\/wp\/v2\/posts\/15519\/revisions\/15520"}],"wp:featuredmedia":[{"embeddable":true,"href":"https:\/\/www.elregional.cl\/index.php?rest_route=\/wp\/v2\/media\/15521"}],"wp:attachment":[{"href":"https:\/\/www.elregional.cl\/index.php?rest_route=%2Fwp%2Fv2%2Fmedia&parent=15519"}],"wp:term":[{"taxonomy":"category","embeddable":true,"href":"https:\/\/www.elregional.cl\/index.php?rest_route=%2Fwp%2Fv2%2Fcategories&post=15519"},{"taxonomy":"post_tag","embeddable":true,"href":"https:\/\/www.elregional.cl\/index.php?rest_route=%2Fwp%2Fv2%2Ftags&post=15519"}],"curies":[{"name":"wp","href":"https:\/\/api.w.org\/{rel}","templated":true}]}}