{"id":15522,"date":"2026-09-01T12:26:05","date_gmt":"2026-09-01T16:26:05","guid":{"rendered":"https:\/\/www.elregional.cl\/?p=15522"},"modified":"2026-09-01T12:26:06","modified_gmt":"2026-09-01T16:26:06","slug":"milei-llegara-a-chile-en-medio-de-presion-para-reconocer-soberania-sobre-el-estrecho-de-magallanes","status":"publish","type":"post","link":"https:\/\/www.elregional.cl\/?p=15522","title":{"rendered":"Milei llegar\u00e1 a Chile en medio de presi\u00f3n para reconocer soberan\u00eda sobre el Estrecho de Magallanes"},"content":{"rendered":"<p data-pm-slice=\"1 1 []\">\n<p>Este jueves se realizar\u00e1 en Chile una nueva reuni\u00f3n del Foro Madrid, encuentro organizado por la Fundaci\u00f3n Disenso, que reunir\u00e1 a dirigentes pol\u00edticos vinculados a ese espacio. Entre los asistentes estar\u00e1n el Presidente Jos\u00e9 Antonio Kast y el mandatario argentino, Javier Milei, quienes adem\u00e1s sostendr\u00e1n una reuni\u00f3n bilateral.<\/p>\n<p>La cita se desarrollar\u00e1 en medio de las recientes tensiones entre Chile y Argentina, luego de los dichos del comandante de la Fuerza A\u00e9rea argentina, Gustavo Valverde, quien hizo referencia a la soberan\u00eda de su pa\u00eds sobre el Estrecho de Magallanes.<\/p>\n<p>Tras las declaraciones, la Canciller\u00eda chilena present\u00f3 una nota de protesta y posteriormente el ministro de Defensa argentino, Carlos Presti, se comunic\u00f3 con su par chileno, Fernando Barros, con el objetivo de superar la controversia.<\/p>\n<p>En este contexto, distintos sectores pol\u00edticos chilenos esperan que la reuni\u00f3n entre Kast y Milei permita entregar una se\u00f1al clara respecto de la soberan\u00eda chilena sobre el Estrecho de Magallanes.<\/p>\n<p>El diputado Eduardo Cretton, de la UDI, sostuvo que desde su partido solicitar\u00e1n al mandatario argentino que aproveche su visita para ratificar \u00absin ning\u00fan tipo de ambig\u00fcedad\u00bb la soberan\u00eda de Chile sobre el estrecho.<\/p>\n<p>El parlamentario agreg\u00f3 que las declaraciones del jefe de la Fuerza A\u00e9rea argentina generaron dudas que, a su juicio, deben ser despejadas directamente por el Presidente Milei durante su visita al pa\u00eds.<\/p>\n<p>Desde el Partido Republicano, el diputado Agust\u00edn Romero tambi\u00e9n respald\u00f3 la necesidad de eliminar cualquier ambig\u00fcedad. Record\u00f3 que el decreto que plantea el uso compartido del paso mar\u00edtimo fue firmado durante el gobierno del expresidente argentino Alberto Fern\u00e1ndez y sostuvo que debe ser derogado.<\/p>\n<p>La presidenta del Partido Socialista, Paulina Vodanovic, pidi\u00f3 al Gobierno chileno abordar el tema con mayor firmeza y cuestion\u00f3 la forma en que se ha enfrentado la controversia.<\/p>\n<p>La senadora plante\u00f3 que la soberan\u00eda sobre el Estrecho de Magallanes debe ser uno de los principales asuntos que el Presidente Kast plantee directamente a Milei, debido a la relevancia que tiene para Chile.<\/p>\n<p>Una preocupaci\u00f3n similar manifest\u00f3 el presidente del Partido Comunista, Lautaro Carmona, quien calific\u00f3 el tema lim\u00edtrofe como un asunto serio y de larga data.<\/p>\n<p>El dirigente adem\u00e1s advirti\u00f3 sobre la participaci\u00f3n de otros actores internacionales en materias relacionadas con la zona austral, la Ant\u00e1rtica y los l\u00edmites territoriales, por lo que llam\u00f3 a mantener una posici\u00f3n firme y clara en defensa de los intereses de Chile.<\/p>\n<p>La reuni\u00f3n bilateral entre Kast y Milei se producir\u00e1 as\u00ed en un escenario marcado por la necesidad de recomponer las se\u00f1ales pol\u00edticas entre ambos pa\u00edses y, especialmente, despejar cualquier cuestionamiento respecto de la soberan\u00eda chilena sobre el Estrecho de Magallanes.<\/p>\n","protected":false},"excerpt":{"rendered":"<p>Este jueves se realizar\u00e1 en Chile una nueva reuni\u00f3n del Foro Madrid, encuentro organizado por la Fundaci\u00f3n Disenso, que reunir\u00e1 a dirigentes pol\u00edticos vinculados a ese espacio. Entre los asistentes estar\u00e1n el Presidente Jos\u00e9 Antonio Kast y el mandatario argentino, Javier Milei, quienes adem\u00e1s sostendr\u00e1n una reuni\u00f3n bilateral. La cita se desarrollar\u00e1 en medio de &hellip;<\/p>\n","protected":false},"author":3,"featured_media":15524,"comment_status":"open","ping_status":"closed","sticky":false,"template":"","format":"standard","meta":{"footnotes":""},"categories":[3],"tags":[],"class_list":["post-15522","post","type-post","status-publish","format-standard","has-post-thumbnail","hentry","category-pais"],"_links":{"self":[{"href":"https:\/\/www.elregional.cl\/index.php?rest_route=\/wp\/v2\/posts\/15522","targetHints":{"allow":["GET"]}}],"collection":[{"href":"https:\/\/www.elregional.cl\/index.php?rest_route=\/wp\/v2\/posts"}],"about":[{"href":"https:\/\/www.elregional.cl\/index.php?rest_route=\/wp\/v2\/types\/post"}],"author":[{"embeddable":true,"href":"https:\/\/www.elregional.cl\/index.php?rest_route=\/wp\/v2\/users\/3"}],"replies":[{"embeddable":true,"href":"https:\/\/www.elregional.cl\/index.php?rest_route=%2Fwp%2Fv2%2Fcomments&post=15522"}],"version-history":[{"count":1,"href":"https:\/\/www.elregional.cl\/index.php?rest_route=\/wp\/v2\/posts\/15522\/revisions"}],"predecessor-version":[{"id":15523,"href":"https:\/\/www.elregional.cl\/index.php?rest_route=\/wp\/v2\/posts\/15522\/revisions\/15523"}],"wp:featuredmedia":[{"embeddable":true,"href":"https:\/\/www.elregional.cl\/index.php?rest_route=\/wp\/v2\/media\/15524"}],"wp:attachment":[{"href":"https:\/\/www.elregional.cl\/index.php?rest_route=%2Fwp%2Fv2%2Fmedia&parent=15522"}],"wp:term":[{"taxonomy":"category","embeddable":true,"href":"https:\/\/www.elregional.cl\/index.php?rest_route=%2Fwp%2Fv2%2Fcategories&post=15522"},{"taxonomy":"post_tag","embeddable":true,"href":"https:\/\/www.elregional.cl\/index.php?rest_route=%2Fwp%2Fv2%2Ftags&post=15522"}],"curies":[{"name":"wp","href":"https:\/\/api.w.org\/{rel}","templated":true}]}}