{"id":15525,"date":"2026-09-01T15:04:38","date_gmt":"2026-09-01T19:04:38","guid":{"rendered":"https:\/\/www.elregional.cl\/?p=15525"},"modified":"2026-09-01T15:04:39","modified_gmt":"2026-09-01T19:04:39","slug":"sube-la-pgu-y-comienza-prohibicion-de-pensiones-para-femicidas","status":"publish","type":"post","link":"https:\/\/www.elregional.cl\/?p=15525","title":{"rendered":"Sube la PGU y comienza prohibici\u00f3n de pensiones para femicidas"},"content":{"rendered":"<h2 data-pm-slice=\"1 1 []\"><\/h2>\n<p>Desde este martes comenzaron a aplicarse dos modificaciones relevantes al sistema previsional chileno. Una de ellas establece un aumento de la Pensi\u00f3n Garantizada Universal, mientras que la otra impide que personas condenadas por delitos graves puedan recibir la pensi\u00f3n de sobrevivencia de sus v\u00edctimas.<\/p>\n<p>El primer cambio corresponde al aumento de la PGU, que pasa de <strong>231.732 a 250.275 pesos<\/strong> para las personas que tienen entre <strong>75 y 81 a\u00f1os<\/strong>. El reajuste se realizar\u00e1 de manera autom\u00e1tica, por lo que los beneficiarios no deber\u00e1n presentar solicitudes ni realizar tr\u00e1mites adicionales.<\/p>\n<p>Se estima que la medida favorecer\u00e1 a <strong>m\u00e1s de 500 mil personas<\/strong> en ese rango etario y forma parte de la reforma previsional aprobada durante el Gobierno anterior.<\/p>\n<p>El segundo cambio establece que quienes sean condenados por delitos como <strong>femicidio, homicidio, parricidio y delitos sexuales<\/strong> no podr\u00e1n acceder a la pensi\u00f3n de sobrevivencia correspondiente a la v\u00edctima.<\/p>\n<p>La nueva normativa obliga a los tribunales a informar las condenas a la Superintendencia de Pensiones, organismo que posteriormente deber\u00e1 comunicar estos antecedentes a las AFP y a las compa\u00f1\u00edas de seguros de vida correspondientes.<\/p>\n<p>La ministra de la Mujer, <strong>Judith Mar\u00edn<\/strong>, valor\u00f3 la modificaci\u00f3n y sostuvo que permite corregir una situaci\u00f3n que, a su juicio, no resultaba compatible con los objetivos de la legislaci\u00f3n contra la violencia hacia las mujeres.<\/p>\n<p>La secretaria de Estado destac\u00f3 adem\u00e1s que la entrada en vigencia de la norma permitir\u00e1 una mayor coordinaci\u00f3n entre el sistema judicial, la Superintendencia de Pensiones, las AFP y las compa\u00f1\u00edas aseguradoras.<\/p>\n<p>La legislaci\u00f3n, sin embargo, <strong>no tendr\u00e1 efecto retroactivo<\/strong>. Desde el Ministerio de la Mujer se\u00f1alaron que se est\u00e1n evaluando alternativas para abordar los casos anteriores a la entrada en vigencia de la nueva normativa.<\/p>\n<p>En paralelo, la exministra del Trabajo y excandidata presidencial, <strong>Jeannette Jara<\/strong>, celebr\u00f3 el aumento de la PGU y record\u00f3 que la medida es parte de la reforma previsional que tambi\u00e9n contempl\u00f3, desde agosto, un incremento de la cotizaci\u00f3n de cargo de los empleadores.<\/p>\n<p>Jara destac\u00f3 que la implementaci\u00f3n fue resultado de un proceso legislativo que calific\u00f3 como complejo y cuestion\u00f3 al Partido Republicano por su posici\u00f3n durante la discusi\u00f3n de la reforma, se\u00f1alando que actualmente algunos sectores est\u00e1n destacando sus beneficios sin mencionar el origen de la iniciativa.<\/p>\n","protected":false},"excerpt":{"rendered":"<p>Desde este martes comenzaron a aplicarse dos modificaciones relevantes al sistema previsional chileno. Una de ellas establece un aumento de la Pensi\u00f3n Garantizada Universal, mientras que la otra impide que personas condenadas por delitos graves puedan recibir la pensi\u00f3n de sobrevivencia de sus v\u00edctimas. El primer cambio corresponde al aumento de la PGU, que pasa &hellip;<\/p>\n","protected":false},"author":3,"featured_media":15527,"comment_status":"open","ping_status":"closed","sticky":false,"template":"","format":"standard","meta":{"footnotes":""},"categories":[3],"tags":[],"class_list":["post-15525","post","type-post","status-publish","format-standard","has-post-thumbnail","hentry","category-pais"],"_links":{"self":[{"href":"https:\/\/www.elregional.cl\/index.php?rest_route=\/wp\/v2\/posts\/15525","targetHints":{"allow":["GET"]}}],"collection":[{"href":"https:\/\/www.elregional.cl\/index.php?rest_route=\/wp\/v2\/posts"}],"about":[{"href":"https:\/\/www.elregional.cl\/index.php?rest_route=\/wp\/v2\/types\/post"}],"author":[{"embeddable":true,"href":"https:\/\/www.elregional.cl\/index.php?rest_route=\/wp\/v2\/users\/3"}],"replies":[{"embeddable":true,"href":"https:\/\/www.elregional.cl\/index.php?rest_route=%2Fwp%2Fv2%2Fcomments&post=15525"}],"version-history":[{"count":1,"href":"https:\/\/www.elregional.cl\/index.php?rest_route=\/wp\/v2\/posts\/15525\/revisions"}],"predecessor-version":[{"id":15526,"href":"https:\/\/www.elregional.cl\/index.php?rest_route=\/wp\/v2\/posts\/15525\/revisions\/15526"}],"wp:featuredmedia":[{"embeddable":true,"href":"https:\/\/www.elregional.cl\/index.php?rest_route=\/wp\/v2\/media\/15527"}],"wp:attachment":[{"href":"https:\/\/www.elregional.cl\/index.php?rest_route=%2Fwp%2Fv2%2Fmedia&parent=15525"}],"wp:term":[{"taxonomy":"category","embeddable":true,"href":"https:\/\/www.elregional.cl\/index.php?rest_route=%2Fwp%2Fv2%2Fcategories&post=15525"},{"taxonomy":"post_tag","embeddable":true,"href":"https:\/\/www.elregional.cl\/index.php?rest_route=%2Fwp%2Fv2%2Ftags&post=15525"}],"curies":[{"name":"wp","href":"https:\/\/api.w.org\/{rel}","templated":true}]}}