{"id":15528,"date":"2026-09-01T17:03:10","date_gmt":"2026-09-01T21:03:10","guid":{"rendered":"https:\/\/www.elregional.cl\/?p=15528"},"modified":"2026-09-01T17:03:12","modified_gmt":"2026-09-01T21:03:12","slug":"fiestas-patrias-trabajos-en-altura-concentran-alerta-por-riesgos-en-fondas-y-escenarios","status":"publish","type":"post","link":"https:\/\/www.elregional.cl\/?p=15528","title":{"rendered":"Fiestas Patrias: trabajos en altura concentran alerta por riesgos en fondas y escenarios"},"content":{"rendered":"<h2><\/h2>\n<p>A pocos d\u00edas de las celebraciones de Fiestas Patrias, especialistas en seguridad laboral advirtieron sobre los riesgos asociados al montaje y desmontaje de estructuras provisorias utilizadas en fondas, escenarios, carpas y torres de iluminaci\u00f3n.<\/p>\n<p>De acuerdo con el Informe Anual de Accidentabilidad de la Superintendencia de Seguridad Social, los trabajos en altura constituyen uno de los principales focos de siniestralidad grave en el pa\u00eds, con <strong>498 accidentes registrados durante el \u00faltimo a\u00f1o<\/strong>, equivalentes al 28 por ciento del total nacional de este tipo de eventos.<\/p>\n<p>En el contexto de las celebraciones, este riesgo se concentra especialmente en las labores de instalaci\u00f3n y retiro de infraestructuras temporales, donde los plazos acotados pueden aumentar la presi\u00f3n sobre las cuadrillas encargadas de los montajes.<\/p>\n<p>Uno de los factores advertidos por especialistas es el denominado <strong>\u201cefecto vela\u201d<\/strong>, que puede producirse cuando el viento impacta directamente sobre coberturas textiles. Eduardo Quezada, consultor t\u00e9cnico especialista de Segma, explic\u00f3 que incluso vientos de alrededor de 40 kil\u00f3metros por hora pueden generar importantes fuerzas de tracci\u00f3n cuando las estructuras no cuentan con una correcta tensi\u00f3n y sistemas de anclaje.<\/p>\n<p>La situaci\u00f3n puede provocar el desplazamiento o volcamiento de puntos de sujeci\u00f3n deficientes y, en determinados casos, generar un colapso en cadena de parte de las instalaciones.<\/p>\n<p>A esto se suman los riesgos propios de las labores en altura. La normativa establece los <strong>1,8 metros<\/strong> como referencia para el trabajo en altura f\u00edsica, escenario en el que una ca\u00edda sin sistemas adecuados de protecci\u00f3n puede provocar lesiones de gravedad e incluso consecuencias fatales.<\/p>\n<p>Los especialistas tambi\u00e9n alertaron que la falta de c\u00e1lculos de estabilidad o la improvisaci\u00f3n de los sistemas de anclaje pueden poner en peligro no solo a los trabajadores, sino tambi\u00e9n al p\u00fablico que posteriormente ocupar\u00e1 estos recintos.<\/p>\n<p>Por esta raz\u00f3n, el llamado est\u00e1 dirigido a municipios, productoras y empresas responsables de los eventos para que realicen <strong>revisiones t\u00e9cnicas en terreno antes de habilitar las instalaciones<\/strong>, verificando la estabilidad de las estructuras, la resistencia de los puntos de apoyo y las condiciones de los elementos de protecci\u00f3n utilizados por los trabajadores.<\/p>\n<p>La recomendaci\u00f3n cobra especial relevancia durante Fiestas Patrias, per\u00edodo en que aumenta considerablemente la cantidad de estructuras temporales instaladas en distintos puntos del pa\u00eds.<\/p>\n","protected":false},"excerpt":{"rendered":"<p>A pocos d\u00edas de las celebraciones de Fiestas Patrias, especialistas en seguridad laboral advirtieron sobre los riesgos asociados al montaje y desmontaje de estructuras provisorias utilizadas en fondas, escenarios, carpas y torres de iluminaci\u00f3n. De acuerdo con el Informe Anual de Accidentabilidad de la Superintendencia de Seguridad Social, los trabajos en altura constituyen uno de &hellip;<\/p>\n","protected":false},"author":3,"featured_media":15530,"comment_status":"open","ping_status":"closed","sticky":false,"template":"","format":"standard","meta":{"footnotes":""},"categories":[3],"tags":[],"class_list":["post-15528","post","type-post","status-publish","format-standard","has-post-thumbnail","hentry","category-pais"],"_links":{"self":[{"href":"https:\/\/www.elregional.cl\/index.php?rest_route=\/wp\/v2\/posts\/15528","targetHints":{"allow":["GET"]}}],"collection":[{"href":"https:\/\/www.elregional.cl\/index.php?rest_route=\/wp\/v2\/posts"}],"about":[{"href":"https:\/\/www.elregional.cl\/index.php?rest_route=\/wp\/v2\/types\/post"}],"author":[{"embeddable":true,"href":"https:\/\/www.elregional.cl\/index.php?rest_route=\/wp\/v2\/users\/3"}],"replies":[{"embeddable":true,"href":"https:\/\/www.elregional.cl\/index.php?rest_route=%2Fwp%2Fv2%2Fcomments&post=15528"}],"version-history":[{"count":1,"href":"https:\/\/www.elregional.cl\/index.php?rest_route=\/wp\/v2\/posts\/15528\/revisions"}],"predecessor-version":[{"id":15529,"href":"https:\/\/www.elregional.cl\/index.php?rest_route=\/wp\/v2\/posts\/15528\/revisions\/15529"}],"wp:featuredmedia":[{"embeddable":true,"href":"https:\/\/www.elregional.cl\/index.php?rest_route=\/wp\/v2\/media\/15530"}],"wp:attachment":[{"href":"https:\/\/www.elregional.cl\/index.php?rest_route=%2Fwp%2Fv2%2Fmedia&parent=15528"}],"wp:term":[{"taxonomy":"category","embeddable":true,"href":"https:\/\/www.elregional.cl\/index.php?rest_route=%2Fwp%2Fv2%2Fcategories&post=15528"},{"taxonomy":"post_tag","embeddable":true,"href":"https:\/\/www.elregional.cl\/index.php?rest_route=%2Fwp%2Fv2%2Ftags&post=15528"}],"curies":[{"name":"wp","href":"https:\/\/api.w.org\/{rel}","templated":true}]}}