{"id":15534,"date":"2026-09-01T17:15:59","date_gmt":"2026-09-01T21:15:59","guid":{"rendered":"https:\/\/www.elregional.cl\/?p=15534"},"modified":"2026-09-01T17:16:00","modified_gmt":"2026-09-01T21:16:00","slug":"chanaral-dio-la-bienvenida-al-mes-de-la-patria-con-cueca-y-participacion-comunitaria","status":"publish","type":"post","link":"https:\/\/www.elregional.cl\/?p=15534","title":{"rendered":"Cha\u00f1aral dio la bienvenida al Mes de la Patria con cueca y participaci\u00f3n comunitaria"},"content":{"rendered":"<p>&nbsp;<\/p>\n<p>Con una Plaza Ciudadana y el tradicional esquinazo de Fiestas Patrias, la Delegaci\u00f3n Presidencial Provincial de Cha\u00f1aral inici\u00f3 las actividades del Mes de la Patria junto a vecinos, autoridades, estudiantes y agrupaciones folcl\u00f3ricas.<\/p>\n<p>La jornada se desarroll\u00f3 en la Plaza 26 de Octubre, donde distintos servicios p\u00fablicos acercaron sus prestaciones y orientaci\u00f3n a la comunidad. La actividad cont\u00f3 con la presencia de la delegada presidencial regional de Atacama, Sof\u00eda Cid Versalovic; el delegado presidencial provincial subrogante de Cha\u00f1aral, Fernando Flores Fredes; el alcalde Alex Ahumada Monrroy, adem\u00e1s de seremis, directores de servicios, concejales, dirigentes sociales, representantes de establecimientos educacionales y vecinos.<\/p>\n<p>Al mediod\u00eda se realiz\u00f3 el tradicional esquinazo, que incluy\u00f3 el Himno Nacional, baile a la bandera, m\u00fasica y distintas expresiones del folclor chileno.<\/p>\n<p>Uno de los momentos destacados estuvo a cargo de Martina V\u00e1squez Cort\u00e9s, quien interpret\u00f3 la cueca \u201cCasi Oficial\u201d. Posteriormente, se present\u00f3 el Club de Cueca Espuelas Cha\u00f1aralinas, agrupaci\u00f3n reconocida por su trabajo permanente en la promoci\u00f3n y conservaci\u00f3n de las tradiciones folcl\u00f3ricas en la comuna.<\/p>\n<p>La celebraci\u00f3n tambi\u00e9n reuni\u00f3 a distintas generaciones. Siete parejas representantes de establecimientos educacionales y dos parejas pertenecientes a agrupaciones de adultos mayores participaron en la presentaci\u00f3n de cueca. A ellos se sumaron autoridades, quienes tambi\u00e9n bailaron un pie de cueca junto a los asistentes.<\/p>\n<p>El encuentro incluy\u00f3 adem\u00e1s el tradicional brindis de chicha en cacho y la entrega de empanadas a los participantes, como parte de las actividades destinadas a dar la bienvenida al mes de septiembre.<\/p>\n<p>La delegada presidencial regional de Atacama, Sof\u00eda Cid, destac\u00f3 que este tipo de actividades permiten acercar la labor del Estado a las comunidades y, al mismo tiempo, fortalecer las tradiciones nacionales.<\/p>\n<p>\u201cEs una instancia que nos permite reencontrarnos con nuestras tradiciones, fortalecer nuestra identidad y vivir estas celebraciones en comunidad\u201d, se\u00f1al\u00f3 la autoridad, quien tambi\u00e9n valor\u00f3 el despliegue de Gobierno en Terreno para atender consultas y necesidades de los vecinos.<\/p>\n<p>Por su parte, el delegado presidencial provincial subrogante de Cha\u00f1aral, Fernando Flores, destac\u00f3 la participaci\u00f3n de estudiantes y adultos mayores en la actividad y valor\u00f3 la posibilidad de reunir en un mismo espacio la atenci\u00f3n de los servicios p\u00fablicos y las tradiciones propias de estas fechas.<\/p>\n<p>Desde la comunidad, Jennifer Araya Cofr\u00e9, docente de la Escuela Angelina Salas Olivares, valor\u00f3 el acercamiento de los servicios p\u00fablicos y la participaci\u00f3n de los establecimientos educacionales, destacando el entusiasmo de los estudiantes para formar parte de la celebraci\u00f3n.<\/p>\n<p>La jornada concluy\u00f3 con un llamado a vivir las pr\u00f3ximas celebraciones de Fiestas Patrias con responsabilidad y autocuidado, promoviendo el encuentro familiar y el respeto por las tradiciones que marcan el inicio del Mes de la Patria.<\/p>\n","protected":false},"excerpt":{"rendered":"<p>&nbsp; Con una Plaza Ciudadana y el tradicional esquinazo de Fiestas Patrias, la Delegaci\u00f3n Presidencial Provincial de Cha\u00f1aral inici\u00f3 las actividades del Mes de la Patria junto a vecinos, autoridades, estudiantes y agrupaciones folcl\u00f3ricas. La jornada se desarroll\u00f3 en la Plaza 26 de Octubre, donde distintos servicios p\u00fablicos acercaron sus prestaciones y orientaci\u00f3n a la &hellip;<\/p>\n","protected":false},"author":3,"featured_media":15536,"comment_status":"open","ping_status":"closed","sticky":false,"template":"","format":"standard","meta":{"footnotes":""},"categories":[16],"tags":[],"class_list":["post-15534","post","type-post","status-publish","format-standard","has-post-thumbnail","hentry","category-atacama"],"_links":{"self":[{"href":"https:\/\/www.elregional.cl\/index.php?rest_route=\/wp\/v2\/posts\/15534","targetHints":{"allow":["GET"]}}],"collection":[{"href":"https:\/\/www.elregional.cl\/index.php?rest_route=\/wp\/v2\/posts"}],"about":[{"href":"https:\/\/www.elregional.cl\/index.php?rest_route=\/wp\/v2\/types\/post"}],"author":[{"embeddable":true,"href":"https:\/\/www.elregional.cl\/index.php?rest_route=\/wp\/v2\/users\/3"}],"replies":[{"embeddable":true,"href":"https:\/\/www.elregional.cl\/index.php?rest_route=%2Fwp%2Fv2%2Fcomments&post=15534"}],"version-history":[{"count":1,"href":"https:\/\/www.elregional.cl\/index.php?rest_route=\/wp\/v2\/posts\/15534\/revisions"}],"predecessor-version":[{"id":15535,"href":"https:\/\/www.elregional.cl\/index.php?rest_route=\/wp\/v2\/posts\/15534\/revisions\/15535"}],"wp:featuredmedia":[{"embeddable":true,"href":"https:\/\/www.elregional.cl\/index.php?rest_route=\/wp\/v2\/media\/15536"}],"wp:attachment":[{"href":"https:\/\/www.elregional.cl\/index.php?rest_route=%2Fwp%2Fv2%2Fmedia&parent=15534"}],"wp:term":[{"taxonomy":"category","embeddable":true,"href":"https:\/\/www.elregional.cl\/index.php?rest_route=%2Fwp%2Fv2%2Fcategories&post=15534"},{"taxonomy":"post_tag","embeddable":true,"href":"https:\/\/www.elregional.cl\/index.php?rest_route=%2Fwp%2Fv2%2Ftags&post=15534"}],"curies":[{"name":"wp","href":"https:\/\/api.w.org\/{rel}","templated":true}]}}